{"id":4817,"date":"2018-05-03T16:21:09","date_gmt":"2018-05-03T19:21:09","guid":{"rendered":"http:\/\/www.cofecon.org.br\/?p=4817"},"modified":"2018-05-03T16:21:09","modified_gmt":"2018-05-03T19:21:09","slug":"4817","status":"publish","type":"post","link":"https:\/\/cofecon.org.br\/cofecon\/?p=4817","title":{"rendered":"Inscri\u00e7\u00f5es abertas para o III Semin\u00e1rio Brasileiro de Economia"},"content":{"rendered":"<p style=\"text-align: justify;\">O Conselho Regional de Economia de Pernambuco (Corecon-PE) convida os economistas, estudantes de Economia e \u00e1reas afins para o III Semin\u00e1rio Brasileiro de Economia, que ter\u00e1 como tema central &#8220;A Economia Brasileira Desde os Anos 2000 (Li\u00e7\u00f5es, Desafios, Propostas)&#8221; . A economista e professora de economia da Universidade de S\u00e3o Paulo &#8211; USP, Laura Carvalho, ser\u00e1 a palestrante do evento.<\/p>\n<p style=\"text-align: justify;\">A palestra ser\u00e1 seguida por um debate entre os renomados economistas T\u00e2nia Bacelar,\u00a0fundadora da Ceplan Consultoria, e Fernando de Aquino, conselheiro federal do Conselho Federal de Economia (Cofecon) e analista do Banco Central. A modera\u00e7\u00e3o ser\u00e1 feita pela presidente do Corecon-PE e analista do Sebrae-PE, Ana Cl\u00e1udia Arruda.<\/p>\n<p style=\"text-align: justify;\">A ocasi\u00e3o tamb\u00e9m marcar\u00e1 o lan\u00e7amento do livro <em>Valsa Brasileira &#8211; Do Boom ao Caos Econ\u00f4mico<\/em> (Editora: Todavia). Saiba mais e inscreva-se:\u00a0<a href=\"https:\/\/www.sympla.com.br\/iii-seminario-brasil-de-economia---a-economia-brasileira-desde-os-anos-2000__280191\">https:\/\/www.sympla.com.br\/iii-seminario-brasil-de-economia&#8212;a-economia-brasileira-desde-os-anos-2000__280191<\/a><\/p>\n<p><img loading=\"lazy\" decoding=\"async\" class=\"wp-image-4818 size-full aligncenter\" src=\"http:\/\/cofecon.org.br\/cofecon\/wp-content\/uploads\/2018\/05\/CoreconPE.jpg\" alt=\"\" width=\"867\" height=\"1024\" srcset=\"https:\/\/cofecon.org.br\/cofecon\/wp-content\/uploads\/2018\/05\/CoreconPE.jpg 867w, https:\/\/cofecon.org.br\/cofecon\/wp-content\/uploads\/2018\/05\/CoreconPE-254x300.jpg 254w, https:\/\/cofecon.org.br\/cofecon\/wp-content\/uploads\/2018\/05\/CoreconPE-768x907.jpg 768w, https:\/\/cofecon.org.br\/cofecon\/wp-content\/uploads\/2018\/05\/CoreconPE-800x945.jpg 800w\" sizes=\"(max-width: 867px) 100vw, 867px\" \/><\/p>\n","protected":false},"excerpt":{"rendered":"<p>O Conselho Regional de Economia de Pernambuco (Corecon-PE) convida os economistas, estudantes de Economia e \u00e1reas afins para o III Semin\u00e1rio Brasileiro de Economia, que ter\u00e1 como tema central &#8220;A Economia Brasileira Desde os Anos 2000 (Li\u00e7\u00f5es, Desafios, Propostas)&#8221; .<\/p>\n<p><a class=\"more-link\" href=\"https:\/\/cofecon.org.br\/cofecon\/?p=4817\">Leia Mais<\/a><\/p>\n","protected":false},"author":1,"featured_media":4822,"comment_status":"open","ping_status":"open","sticky":false,"template":"","format":"standard","meta":{"footnotes":""},"categories":[2],"tags":[],"class_list":["post-4817","post","type-post","status-publish","format-standard","has-post-thumbnail","hentry","category-noticias"],"_links":{"self":[{"href":"https:\/\/cofecon.org.br\/cofecon\/index.php?rest_route=\/wp\/v2\/posts\/4817"}],"collection":[{"href":"https:\/\/cofecon.org.br\/cofecon\/index.php?rest_route=\/wp\/v2\/posts"}],"about":[{"href":"https:\/\/cofecon.org.br\/cofecon\/index.php?rest_route=\/wp\/v2\/types\/post"}],"author":[{"embeddable":true,"href":"https:\/\/cofecon.org.br\/cofecon\/index.php?rest_route=\/wp\/v2\/users\/1"}],"replies":[{"embeddable":true,"href":"https:\/\/cofecon.org.br\/cofecon\/index.php?rest_route=%2Fwp%2Fv2%2Fcomments&post=4817"}],"version-history":[{"count":0,"href":"https:\/\/cofecon.org.br\/cofecon\/index.php?rest_route=\/wp\/v2\/posts\/4817\/revisions"}],"wp:featuredmedia":[{"embeddable":true,"href":"https:\/\/cofecon.org.br\/cofecon\/index.php?rest_route=\/wp\/v2\/media\/4822"}],"wp:attachment":[{"href":"https:\/\/cofecon.org.br\/cofecon\/index.php?rest_route=%2Fwp%2Fv2%2Fmedia&parent=4817"}],"wp:term":[{"taxonomy":"category","embeddable":true,"href":"https:\/\/cofecon.org.br\/cofecon\/index.php?rest_route=%2Fwp%2Fv2%2Fcategories&post=4817"},{"taxonomy":"post_tag","embeddable":true,"href":"https:\/\/cofecon.org.br\/cofecon\/index.php?rest_route=%2Fwp%2Fv2%2Ftags&post=4817"}],"curies":[{"name":"wp","href":"https:\/\/api.w.org\/{rel}","templated":true}]}}