{"id":4813,"date":"2018-05-03T15:39:38","date_gmt":"2018-05-03T18:39:38","guid":{"rendered":"http:\/\/www.cofecon.org.br\/?p=4813"},"modified":"2018-05-03T15:39:38","modified_gmt":"2018-05-03T18:39:38","slug":"corecon-go-participa-de-reportagem-do-diario-aparecidense-sobre-tributos","status":"publish","type":"post","link":"https:\/\/cofecon.org.br\/cofecon\/?p=4813","title":{"rendered":"Corecon-GO participa de reportagem do Di\u00e1rio Aparecidense sobre tributos"},"content":{"rendered":"<p style=\"text-align: justify;\">O economista Renan Corr\u00eaa, membro do Conselho Regional de Economia do Estado de Goi\u00e1s (Corecon-GO), concedeu entrevista ao jornal Di\u00e1rio Aparecidense para falar sobre tributos e carga tribut\u00e1ria. A mat\u00e9ria foi publicada na edi\u00e7\u00e3o de 03 de maio. Leia abaixo ou acesse\u00a0<a href=\"http:\/\/www.diariodeaparecida.com.br\/edicoes_anteriores\/1907\/#p=5\">http:\/\/www.diariodeaparecida.com.br\/edicoes_anteriores\/1907\/#p=5<\/a><\/p>\n<p><img loading=\"lazy\" decoding=\"async\" class=\"wp-image-4814 size-full aligncenter\" src=\"http:\/\/cofecon.org.br\/cofecon\/wp-content\/uploads\/2018\/05\/4.jpg\" alt=\"\" width=\"1378\" height=\"1561\" srcset=\"https:\/\/cofecon.org.br\/cofecon\/wp-content\/uploads\/2018\/05\/4.jpg 1378w, https:\/\/cofecon.org.br\/cofecon\/wp-content\/uploads\/2018\/05\/4-265x300.jpg 265w, https:\/\/cofecon.org.br\/cofecon\/wp-content\/uploads\/2018\/05\/4-904x1024.jpg 904w, https:\/\/cofecon.org.br\/cofecon\/wp-content\/uploads\/2018\/05\/4-768x870.jpg 768w, https:\/\/cofecon.org.br\/cofecon\/wp-content\/uploads\/2018\/05\/4-1356x1536.jpg 1356w, https:\/\/cofecon.org.br\/cofecon\/wp-content\/uploads\/2018\/05\/4-800x906.jpg 800w\" sizes=\"(max-width: 1378px) 100vw, 1378px\" \/><\/p>\n","protected":false},"excerpt":{"rendered":"<p>O economista Renan Corr\u00eaa, membro do Conselho Regional de Economia do Estado de Goi\u00e1s (Corecon-GO), concedeu entrevista ao jornal Di\u00e1rio Aparecidense para falar sobre tributos e carga tribut\u00e1ria. A mat\u00e9ria foi publicada na edi\u00e7\u00e3o de 03 de maio. Leia abaixo<\/p>\n<p><a class=\"more-link\" href=\"https:\/\/cofecon.org.br\/cofecon\/?p=4813\">Leia Mais<\/a><\/p>\n","protected":false},"author":1,"featured_media":4815,"comment_status":"open","ping_status":"open","sticky":false,"template":"","format":"standard","meta":{"footnotes":""},"categories":[5],"tags":[],"class_list":["post-4813","post","type-post","status-publish","format-standard","has-post-thumbnail","hentry","category-corecons-na-midia"],"_links":{"self":[{"href":"https:\/\/cofecon.org.br\/cofecon\/index.php?rest_route=\/wp\/v2\/posts\/4813"}],"collection":[{"href":"https:\/\/cofecon.org.br\/cofecon\/index.php?rest_route=\/wp\/v2\/posts"}],"about":[{"href":"https:\/\/cofecon.org.br\/cofecon\/index.php?rest_route=\/wp\/v2\/types\/post"}],"author":[{"embeddable":true,"href":"https:\/\/cofecon.org.br\/cofecon\/index.php?rest_route=\/wp\/v2\/users\/1"}],"replies":[{"embeddable":true,"href":"https:\/\/cofecon.org.br\/cofecon\/index.php?rest_route=%2Fwp%2Fv2%2Fcomments&post=4813"}],"version-history":[{"count":0,"href":"https:\/\/cofecon.org.br\/cofecon\/index.php?rest_route=\/wp\/v2\/posts\/4813\/revisions"}],"wp:featuredmedia":[{"embeddable":true,"href":"https:\/\/cofecon.org.br\/cofecon\/index.php?rest_route=\/wp\/v2\/media\/4815"}],"wp:attachment":[{"href":"https:\/\/cofecon.org.br\/cofecon\/index.php?rest_route=%2Fwp%2Fv2%2Fmedia&parent=4813"}],"wp:term":[{"taxonomy":"category","embeddable":true,"href":"https:\/\/cofecon.org.br\/cofecon\/index.php?rest_route=%2Fwp%2Fv2%2Fcategories&post=4813"},{"taxonomy":"post_tag","embeddable":true,"href":"https:\/\/cofecon.org.br\/cofecon\/index.php?rest_route=%2Fwp%2Fv2%2Ftags&post=4813"}],"curies":[{"name":"wp","href":"https:\/\/api.w.org\/{rel}","templated":true}]}}