{"id":4806,"date":"2018-05-01T13:36:07","date_gmt":"2018-05-01T16:36:07","guid":{"rendered":"http:\/\/www.cofecon.org.br\/?p=4806"},"modified":"2018-05-01T13:36:07","modified_gmt":"2018-05-01T16:36:07","slug":"diario-do-nordeste-repercute-nota-tecnica-do-corecon-ce","status":"publish","type":"post","link":"https:\/\/cofecon.org.br\/cofecon\/?p=4806","title":{"rendered":"Di\u00e1rio do Nordeste repercute Nota T\u00e9cnica do Corecon-CE"},"content":{"rendered":"<p style=\"text-align: justify;\">O jornal Di\u00e1rio do Nordeste publicou uma mat\u00e9ria sobre a Nota T\u00e9cnica\u00a0<em>A Reforma Tribut\u00e1ria e o Desenvolvimento Econ\u00f4mico<\/em>, de autoria do Conselho Regional de Economia do Cear\u00e1 (Corecon-CE). A publica\u00e7\u00e3o foi veiculada na edi\u00e7\u00e3o de 1\u00ba de maio do Di\u00e1rio do Nordeste. Confira:\u00a0<a href=\"http:\/\/diariodonordeste.verdesmares.com.br\/cadernos\/negocios\/corecon-ce-defende-simplificacao-tributaria-1.1931705\">http:\/\/diariodonordeste.verdesmares.com.br\/cadernos\/negocios\/corecon-ce-defende-simplificacao-tributaria-1.1931705<\/a><\/p>\n<p><img loading=\"lazy\" decoding=\"async\" class=\"wp-image-4807 size-full aligncenter\" src=\"http:\/\/cofecon.org.br\/cofecon\/wp-content\/uploads\/2018\/05\/coreconce.png\" alt=\"\" width=\"670\" height=\"698\" srcset=\"https:\/\/cofecon.org.br\/cofecon\/wp-content\/uploads\/2018\/05\/coreconce.png 670w, https:\/\/cofecon.org.br\/cofecon\/wp-content\/uploads\/2018\/05\/coreconce-288x300.png 288w, https:\/\/cofecon.org.br\/cofecon\/wp-content\/uploads\/2018\/05\/coreconce-50x52.png 50w\" sizes=\"(max-width: 670px) 100vw, 670px\" \/><\/p>\n<p><img loading=\"lazy\" decoding=\"async\" class=\"wp-image-4808 aligncenter\" src=\"http:\/\/www.cofecon.org.br\/wp-content\/uploads\/2018\/05\/coreconcelcn-300x182.png\" alt=\"\" width=\"450\" height=\"274\" srcset=\"https:\/\/cofecon.org.br\/cofecon\/wp-content\/uploads\/2018\/05\/coreconcelcn-300x182.png 300w, https:\/\/cofecon.org.br\/cofecon\/wp-content\/uploads\/2018\/05\/coreconcelcn-768x467.png 768w, https:\/\/cofecon.org.br\/cofecon\/wp-content\/uploads\/2018\/05\/coreconcelcn-800x486.png 800w, https:\/\/cofecon.org.br\/cofecon\/wp-content\/uploads\/2018\/05\/coreconcelcn-776x470.png 776w, https:\/\/cofecon.org.br\/cofecon\/wp-content\/uploads\/2018\/05\/coreconcelcn.png 918w\" sizes=\"(max-width: 450px) 100vw, 450px\" \/><\/p>\n","protected":false},"excerpt":{"rendered":"<p>O jornal Di\u00e1rio do Nordeste publicou uma mat\u00e9ria sobre a Nota T\u00e9cnica\u00a0A Reforma Tribut\u00e1ria e o Desenvolvimento Econ\u00f4mico, de autoria do Conselho Regional de Economia do Cear\u00e1 (Corecon-CE). A publica\u00e7\u00e3o foi veiculada na edi\u00e7\u00e3o de 1\u00ba de maio do Di\u00e1rio<\/p>\n<p><a class=\"more-link\" href=\"https:\/\/cofecon.org.br\/cofecon\/?p=4806\">Leia Mais<\/a><\/p>\n","protected":false},"author":1,"featured_media":4809,"comment_status":"open","ping_status":"open","sticky":false,"template":"","format":"standard","meta":{"footnotes":""},"categories":[5,2],"tags":[],"class_list":["post-4806","post","type-post","status-publish","format-standard","has-post-thumbnail","hentry","category-corecons-na-midia","category-noticias"],"_links":{"self":[{"href":"https:\/\/cofecon.org.br\/cofecon\/index.php?rest_route=\/wp\/v2\/posts\/4806"}],"collection":[{"href":"https:\/\/cofecon.org.br\/cofecon\/index.php?rest_route=\/wp\/v2\/posts"}],"about":[{"href":"https:\/\/cofecon.org.br\/cofecon\/index.php?rest_route=\/wp\/v2\/types\/post"}],"author":[{"embeddable":true,"href":"https:\/\/cofecon.org.br\/cofecon\/index.php?rest_route=\/wp\/v2\/users\/1"}],"replies":[{"embeddable":true,"href":"https:\/\/cofecon.org.br\/cofecon\/index.php?rest_route=%2Fwp%2Fv2%2Fcomments&post=4806"}],"version-history":[{"count":0,"href":"https:\/\/cofecon.org.br\/cofecon\/index.php?rest_route=\/wp\/v2\/posts\/4806\/revisions"}],"wp:featuredmedia":[{"embeddable":true,"href":"https:\/\/cofecon.org.br\/cofecon\/index.php?rest_route=\/wp\/v2\/media\/4809"}],"wp:attachment":[{"href":"https:\/\/cofecon.org.br\/cofecon\/index.php?rest_route=%2Fwp%2Fv2%2Fmedia&parent=4806"}],"wp:term":[{"taxonomy":"category","embeddable":true,"href":"https:\/\/cofecon.org.br\/cofecon\/index.php?rest_route=%2Fwp%2Fv2%2Fcategories&post=4806"},{"taxonomy":"post_tag","embeddable":true,"href":"https:\/\/cofecon.org.br\/cofecon\/index.php?rest_route=%2Fwp%2Fv2%2Ftags&post=4806"}],"curies":[{"name":"wp","href":"https:\/\/api.w.org\/{rel}","templated":true}]}}