{"id":4800,"date":"2018-04-27T13:12:45","date_gmt":"2018-04-27T16:12:45","guid":{"rendered":"http:\/\/www.cofecon.org.br\/?p=4800"},"modified":"2018-04-27T13:12:45","modified_gmt":"2018-04-27T16:12:45","slug":"presidente-do-corecon-ce-fala-sobre-a-atividade-economica-local-ao-diario-do-nordeste","status":"publish","type":"post","link":"https:\/\/cofecon.org.br\/cofecon\/?p=4800","title":{"rendered":"Presidente do Corecon-CE fala sobre a atividade econ\u00f4mica local ao Di\u00e1rio do Nordeste"},"content":{"rendered":"<p>O presidente do Conselho Regional de Economia do Cear\u00e1, Lauro Chaves Neto, concedeu entrevista ao jornal Di\u00e1rio do Nordeste para falar sobre a atividade econ\u00f4mica do estado do Cear\u00e1. A mat\u00e9ria foi publicada no dia 27\/04\/2018.<\/p>\n<p>Leia na \u00edntegra abaixo e no link\u00a0<a href=\"http:\/\/diariodonordeste.verdesmares.com.br\/cadernos\/negocios\/atividade-economica-no-estado-sobe-1-no-trimestre-1.1929934\">http:\/\/diariodonordeste.verdesmares.com.br\/cadernos\/negocios\/atividade-economica-no-estado-sobe-1-no-trimestre-1.1929934<\/a><\/p>\n<p><img loading=\"lazy\" decoding=\"async\" class=\"wp-image-4801 size-full aligncenter\" src=\"http:\/\/cofecon.org.br\/cofecon\/wp-content\/uploads\/2018\/05\/Atividade-Economica.jpeg\" alt=\"\" width=\"1158\" height=\"956\" srcset=\"https:\/\/cofecon.org.br\/cofecon\/wp-content\/uploads\/2018\/05\/Atividade-Economica.jpeg 1158w, https:\/\/cofecon.org.br\/cofecon\/wp-content\/uploads\/2018\/05\/Atividade-Economica-300x248.jpeg 300w, https:\/\/cofecon.org.br\/cofecon\/wp-content\/uploads\/2018\/05\/Atividade-Economica-1024x845.jpeg 1024w, https:\/\/cofecon.org.br\/cofecon\/wp-content\/uploads\/2018\/05\/Atividade-Economica-768x634.jpeg 768w, https:\/\/cofecon.org.br\/cofecon\/wp-content\/uploads\/2018\/05\/Atividade-Economica-800x660.jpeg 800w\" sizes=\"(max-width: 1158px) 100vw, 1158px\" \/><\/p>\n","protected":false},"excerpt":{"rendered":"<p>O presidente do Conselho Regional de Economia do Cear\u00e1, Lauro Chaves Neto, concedeu entrevista ao jornal Di\u00e1rio do Nordeste para falar sobre a atividade econ\u00f4mica do estado do Cear\u00e1. A mat\u00e9ria foi publicada no dia 27\/04\/2018. Leia na \u00edntegra abaixo<\/p>\n<p><a class=\"more-link\" href=\"https:\/\/cofecon.org.br\/cofecon\/?p=4800\">Leia Mais<\/a><\/p>\n","protected":false},"author":1,"featured_media":4802,"comment_status":"open","ping_status":"open","sticky":false,"template":"","format":"standard","meta":{"footnotes":""},"categories":[5,2],"tags":[],"class_list":["post-4800","post","type-post","status-publish","format-standard","has-post-thumbnail","hentry","category-corecons-na-midia","category-noticias"],"_links":{"self":[{"href":"https:\/\/cofecon.org.br\/cofecon\/index.php?rest_route=\/wp\/v2\/posts\/4800"}],"collection":[{"href":"https:\/\/cofecon.org.br\/cofecon\/index.php?rest_route=\/wp\/v2\/posts"}],"about":[{"href":"https:\/\/cofecon.org.br\/cofecon\/index.php?rest_route=\/wp\/v2\/types\/post"}],"author":[{"embeddable":true,"href":"https:\/\/cofecon.org.br\/cofecon\/index.php?rest_route=\/wp\/v2\/users\/1"}],"replies":[{"embeddable":true,"href":"https:\/\/cofecon.org.br\/cofecon\/index.php?rest_route=%2Fwp%2Fv2%2Fcomments&post=4800"}],"version-history":[{"count":0,"href":"https:\/\/cofecon.org.br\/cofecon\/index.php?rest_route=\/wp\/v2\/posts\/4800\/revisions"}],"wp:featuredmedia":[{"embeddable":true,"href":"https:\/\/cofecon.org.br\/cofecon\/index.php?rest_route=\/wp\/v2\/media\/4802"}],"wp:attachment":[{"href":"https:\/\/cofecon.org.br\/cofecon\/index.php?rest_route=%2Fwp%2Fv2%2Fmedia&parent=4800"}],"wp:term":[{"taxonomy":"category","embeddable":true,"href":"https:\/\/cofecon.org.br\/cofecon\/index.php?rest_route=%2Fwp%2Fv2%2Fcategories&post=4800"},{"taxonomy":"post_tag","embeddable":true,"href":"https:\/\/cofecon.org.br\/cofecon\/index.php?rest_route=%2Fwp%2Fv2%2Ftags&post=4800"}],"curies":[{"name":"wp","href":"https:\/\/api.w.org\/{rel}","templated":true}]}}