{"id":4794,"date":"2018-05-02T11:19:41","date_gmt":"2018-05-02T14:19:41","guid":{"rendered":"http:\/\/www.cofecon.org.br\/?p=4794"},"modified":"2018-05-02T11:19:41","modified_gmt":"2018-05-02T14:19:41","slug":"corecon-ms-promove-curso-de-financas-pessoais","status":"publish","type":"post","link":"https:\/\/cofecon.org.br\/cofecon\/?p=4794","title":{"rendered":"Corecon-MS promove curso de finan\u00e7as pessoais"},"content":{"rendered":"<p style=\"text-align: justify;\"><a href=\"http:\/\/www.cofecon.org.br\/2018\/05\/02\/corecon-ms-promove-curso-de-financas-pessoais\/financas\/\" rel=\"attachment wp-att-4795\"><img loading=\"lazy\" decoding=\"async\" class=\"size-full wp-image-4795 alignleft\" src=\"http:\/\/cofecon.org.br\/cofecon\/wp-content\/uploads\/2018\/05\/financas.jpg\" alt=\"\" width=\"350\" height=\"251\" srcset=\"https:\/\/cofecon.org.br\/cofecon\/wp-content\/uploads\/2018\/05\/financas.jpg 350w, https:\/\/cofecon.org.br\/cofecon\/wp-content\/uploads\/2018\/05\/financas-300x215.jpg 300w\" sizes=\"(max-width: 350px) 100vw, 350px\" \/><\/a>O Conselho Regional de Economia do Mato Grosso Sul realizar\u00e1, de 14 de maio a 04 de junho, curso de Finan\u00e7as Pessoais. Ao todo, ser\u00e3o quatro encontros com duas horas de dura\u00e7\u00e3o, \u00e0s segundas-feiras, com o objetivo de fazer com que os participantes tenham dom\u00ednio sobre os gastos e, assim, possam ter uma vida financeira mais saud\u00e1vel.<\/p>\n<p style=\"text-align: justify;\">O investimento \u00e9 de R$ 140 para profissionais registrados, de R$ 180 para profissionais n\u00e3o registrados e de R$ 80,00 para acad\u00eamicos. As inscri\u00e7\u00f5es devem ser feitas em <a href=\"https:\/\/www.sympla.com.br\/curso-de-financas-pessoais__262994\">https:\/\/www.sympla.com.br\/curso-de-financas-pessoais__262994<\/a>. O curso \u00e9 presencial e ocorrer\u00e1 na sede do Corecon-MS, em Campo Grande.<\/p>\n<p>&nbsp;<\/p>\n<p><strong>Servi\u00e7o:<\/strong><\/p>\n<p style=\"text-align: justify;\"><strong>Curso de Finan\u00e7as Pessoais<\/strong><\/p>\n<p style=\"text-align: justify;\">Datas: 14 de maio\/ 21 de maio\/ 28 de maio\/ 04 de junho<\/p>\n<p style=\"text-align: justify;\">Hor\u00e1rio: 18j30 \u00e0s 22h<\/p>\n<p style=\"text-align: justify;\">Local: Sede do Corecon-MS \u2013 Rua 14 de julho, 371, Centro \u2013 Campo Grande.<\/p>\n<p style=\"text-align: justify;\">Inscri\u00e7\u00f5es: https:\/\/www.sympla.com.br\/curso-de-financas-pessoais__262994<\/p>\n<p style=\"text-align: justify;\">Mais informa\u00e7\u00f5es com o Corecon-MS, pelos telefones (67) 3356-4796 \/ 3356-7405.<\/p>\n","protected":false},"excerpt":{"rendered":"<p>O Conselho Regional de Economia do Mato Grosso Sul realizar\u00e1, de 14 de maio a 04 de junho, curso de Finan\u00e7as Pessoais. Ao todo, ser\u00e3o quatro encontros com duas horas de dura\u00e7\u00e3o, \u00e0s segundas-feiras, com o objetivo de fazer com<\/p>\n<p><a class=\"more-link\" href=\"https:\/\/cofecon.org.br\/cofecon\/?p=4794\">Leia Mais<\/a><\/p>\n","protected":false},"author":1,"featured_media":4795,"comment_status":"open","ping_status":"open","sticky":false,"template":"","format":"standard","meta":{"footnotes":""},"categories":[2],"tags":[],"class_list":["post-4794","post","type-post","status-publish","format-standard","has-post-thumbnail","hentry","category-noticias"],"_links":{"self":[{"href":"https:\/\/cofecon.org.br\/cofecon\/index.php?rest_route=\/wp\/v2\/posts\/4794"}],"collection":[{"href":"https:\/\/cofecon.org.br\/cofecon\/index.php?rest_route=\/wp\/v2\/posts"}],"about":[{"href":"https:\/\/cofecon.org.br\/cofecon\/index.php?rest_route=\/wp\/v2\/types\/post"}],"author":[{"embeddable":true,"href":"https:\/\/cofecon.org.br\/cofecon\/index.php?rest_route=\/wp\/v2\/users\/1"}],"replies":[{"embeddable":true,"href":"https:\/\/cofecon.org.br\/cofecon\/index.php?rest_route=%2Fwp%2Fv2%2Fcomments&post=4794"}],"version-history":[{"count":0,"href":"https:\/\/cofecon.org.br\/cofecon\/index.php?rest_route=\/wp\/v2\/posts\/4794\/revisions"}],"wp:featuredmedia":[{"embeddable":true,"href":"https:\/\/cofecon.org.br\/cofecon\/index.php?rest_route=\/wp\/v2\/media\/4795"}],"wp:attachment":[{"href":"https:\/\/cofecon.org.br\/cofecon\/index.php?rest_route=%2Fwp%2Fv2%2Fmedia&parent=4794"}],"wp:term":[{"taxonomy":"category","embeddable":true,"href":"https:\/\/cofecon.org.br\/cofecon\/index.php?rest_route=%2Fwp%2Fv2%2Fcategories&post=4794"},{"taxonomy":"post_tag","embeddable":true,"href":"https:\/\/cofecon.org.br\/cofecon\/index.php?rest_route=%2Fwp%2Fv2%2Ftags&post=4794"}],"curies":[{"name":"wp","href":"https:\/\/api.w.org\/{rel}","templated":true}]}}