{"id":4792,"date":"2018-05-02T12:26:31","date_gmt":"2018-05-02T15:26:31","guid":{"rendered":"http:\/\/www.cofecon.org.br\/?p=4792"},"modified":"2018-05-02T12:26:31","modified_gmt":"2018-05-02T15:26:31","slug":"wellington-leonardo-faz-analise-conjuntural-para-materia-de-capa-da-carta-capital","status":"publish","type":"post","link":"https:\/\/cofecon.org.br\/cofecon\/?p=4792","title":{"rendered":"Wellington Leonardo faz an\u00e1lise conjuntural para mat\u00e9ria de capa da Carta Capital"},"content":{"rendered":"<p style=\"text-align: justify;\">O presidente do Cofecon, Wellington Leonardo, participou como fonte da mat\u00e9ria de capa da edi\u00e7\u00e3o de 02 de maio da revista Carta Capital. A reportagem\u00a0<em>Dia do Desalento<\/em> explora a ocasi\u00e3o do Dia do Trabalhador para relatar a atual conjuntura econ\u00f4mica brasileira, em um cen\u00e1rio de desemprego e informalidade em alta, sal\u00e1rios estagnados, PIB t\u00edmido e reforma trabalhista.<\/p>\n<p>Confira a mat\u00e9ria na \u00edntegra:<\/p>\n<p><img loading=\"lazy\" decoding=\"async\" class=\"wp-image-4798 size-full aligncenter\" src=\"http:\/\/cofecon.org.br\/cofecon\/wp-content\/uploads\/2018\/05\/Materia-em-imagem.png\" alt=\"\" width=\"560\" height=\"4300\" srcset=\"https:\/\/cofecon.org.br\/cofecon\/wp-content\/uploads\/2018\/05\/Materia-em-imagem.png 560w, https:\/\/cofecon.org.br\/cofecon\/wp-content\/uploads\/2018\/05\/Materia-em-imagem-39x300.png 39w, https:\/\/cofecon.org.br\/cofecon\/wp-content\/uploads\/2018\/05\/Materia-em-imagem-200x1536.png 200w\" sizes=\"(max-width: 560px) 100vw, 560px\" \/><\/p>\n","protected":false},"excerpt":{"rendered":"<p>O presidente do Cofecon, Wellington Leonardo, participou como fonte da mat\u00e9ria de capa da edi\u00e7\u00e3o de 02 de maio da revista Carta Capital. A reportagem\u00a0Dia do Desalento explora a ocasi\u00e3o do Dia do Trabalhador para relatar a atual conjuntura econ\u00f4mica<\/p>\n<p><a class=\"more-link\" href=\"https:\/\/cofecon.org.br\/cofecon\/?p=4792\">Leia Mais<\/a><\/p>\n","protected":false},"author":1,"featured_media":4538,"comment_status":"open","ping_status":"open","sticky":false,"template":"","format":"standard","meta":{"footnotes":""},"categories":[47,7],"tags":[],"class_list":["post-4792","post","type-post","status-publish","format-standard","has-post-thumbnail","hentry","category-acoes-da-presidencia-wellington","category-cofecon-na-midia"],"_links":{"self":[{"href":"https:\/\/cofecon.org.br\/cofecon\/index.php?rest_route=\/wp\/v2\/posts\/4792"}],"collection":[{"href":"https:\/\/cofecon.org.br\/cofecon\/index.php?rest_route=\/wp\/v2\/posts"}],"about":[{"href":"https:\/\/cofecon.org.br\/cofecon\/index.php?rest_route=\/wp\/v2\/types\/post"}],"author":[{"embeddable":true,"href":"https:\/\/cofecon.org.br\/cofecon\/index.php?rest_route=\/wp\/v2\/users\/1"}],"replies":[{"embeddable":true,"href":"https:\/\/cofecon.org.br\/cofecon\/index.php?rest_route=%2Fwp%2Fv2%2Fcomments&post=4792"}],"version-history":[{"count":0,"href":"https:\/\/cofecon.org.br\/cofecon\/index.php?rest_route=\/wp\/v2\/posts\/4792\/revisions"}],"wp:featuredmedia":[{"embeddable":true,"href":"https:\/\/cofecon.org.br\/cofecon\/index.php?rest_route=\/wp\/v2\/media\/4538"}],"wp:attachment":[{"href":"https:\/\/cofecon.org.br\/cofecon\/index.php?rest_route=%2Fwp%2Fv2%2Fmedia&parent=4792"}],"wp:term":[{"taxonomy":"category","embeddable":true,"href":"https:\/\/cofecon.org.br\/cofecon\/index.php?rest_route=%2Fwp%2Fv2%2Fcategories&post=4792"},{"taxonomy":"post_tag","embeddable":true,"href":"https:\/\/cofecon.org.br\/cofecon\/index.php?rest_route=%2Fwp%2Fv2%2Ftags&post=4792"}],"curies":[{"name":"wp","href":"https:\/\/api.w.org\/{rel}","templated":true}]}}