{"id":4781,"date":"2018-04-27T14:07:38","date_gmt":"2018-04-27T17:07:38","guid":{"rendered":"http:\/\/www.cofecon.org.br\/?p=4781"},"modified":"2018-04-27T14:07:38","modified_gmt":"2018-04-27T17:07:38","slug":"corecon-es-retoma-projeto-de-visita-as-escolas","status":"publish","type":"post","link":"https:\/\/cofecon.org.br\/cofecon\/?p=4781","title":{"rendered":"Corecon-ES retoma projeto de visita \u00e0s escolas"},"content":{"rendered":"<p style=\"text-align: justify;\"><a href=\"http:\/\/www.cofecon.org.br\/2018\/04\/27\/corecon-es-retoma-projeto-de-visita-as-escolas\/corecon-es\/\" rel=\"attachment wp-att-4782\"><img loading=\"lazy\" decoding=\"async\" class=\"size-full wp-image-4782 alignleft\" src=\"http:\/\/cofecon.org.br\/cofecon\/wp-content\/uploads\/2018\/04\/corecon-es.jpg\" alt=\"\" width=\"351\" height=\"250\" srcset=\"https:\/\/cofecon.org.br\/cofecon\/wp-content\/uploads\/2018\/04\/corecon-es.jpg 351w, https:\/\/cofecon.org.br\/cofecon\/wp-content\/uploads\/2018\/04\/corecon-es-300x214.jpg 300w\" sizes=\"(max-width: 351px) 100vw, 351px\" \/><\/a>O Conselho Regional de Economia do Esp\u00edrito Santo iniciou as atividades do projeto \u201cCorecon-ES nas Escolas\u201d de 2018. A primeira institui\u00e7\u00e3o do ano contemplada foi o Instituto Federal do Esp\u00edrito Santo (Ifes) de Linhares. O presidente do Conselho, Ricardo Paix\u00e3o, ministrou a palestra \u201cDesvendando a profiss\u00e3o de Economista\u201d para alunos do turno matutino, no dia 26 de abril.<\/p>\n<p style=\"text-align: justify;\">\nEm sua apresenta\u00e7\u00e3o, o economista falou sobre a conjuntura econ\u00f4mica do Pa\u00eds, esclareceu d\u00favidas sobre a profiss\u00e3o de Economista, mercado de trabalho e atribui\u00e7\u00f5es do Corecon-ES. Durante um bate-papo com os jovens estudantes, conversou sobre educa\u00e7\u00e3o financeira e outros assuntos ligados \u00e0 \u00e1rea. \u201cFoi um encontro muito proveitoso e os alunos interagiram no debate dos assuntos abordados. A institui\u00e7\u00e3o j\u00e1 nos convidou para retornar \u00e0 escola e ministrar a palestra para estudantes do turno vespertino. S\u00f3 estamos alinhando as agendas para marcar a data\u201d, afirmou o economista Ricardo Paix\u00e3o.<\/p>\n<p style=\"text-align: justify;\">\nO Projeto \u201cCorecon-ES nas Escolas\u201d est\u00e1 no seu terceiro ano e tem a proposta de levar palestras para escolas de Ensino M\u00e9dio p\u00fablicas e privadas do Estado. Al\u00e9m da iniciativa, o Corecon-ES busca realizar outras a\u00e7\u00f5es de aproxima\u00e7\u00e3o com estudantes e a sociedade. No dia 23 de abril, alunos do Centro Estadual de Educa\u00e7\u00e3o T\u00e9cnica Vasco Coutinho, de Vila Velha, visitaram a sede da autarquia e assistiram uma palestra do presidente sobre &#8220;Economia brasileira e desafios para o empreendedorismo&#8221;.<\/p>\n","protected":false},"excerpt":{"rendered":"<p>O Conselho Regional de Economia do Esp\u00edrito Santo iniciou as atividades do projeto \u201cCorecon-ES nas Escolas\u201d de 2018. A primeira institui\u00e7\u00e3o do ano contemplada foi o Instituto Federal do Esp\u00edrito Santo (Ifes) de Linhares. O presidente do Conselho, Ricardo Paix\u00e3o,<\/p>\n<p><a class=\"more-link\" href=\"https:\/\/cofecon.org.br\/cofecon\/?p=4781\">Leia Mais<\/a><\/p>\n","protected":false},"author":1,"featured_media":4782,"comment_status":"open","ping_status":"open","sticky":false,"template":"","format":"standard","meta":{"footnotes":""},"categories":[2],"tags":[],"class_list":["post-4781","post","type-post","status-publish","format-standard","has-post-thumbnail","hentry","category-noticias"],"_links":{"self":[{"href":"https:\/\/cofecon.org.br\/cofecon\/index.php?rest_route=\/wp\/v2\/posts\/4781"}],"collection":[{"href":"https:\/\/cofecon.org.br\/cofecon\/index.php?rest_route=\/wp\/v2\/posts"}],"about":[{"href":"https:\/\/cofecon.org.br\/cofecon\/index.php?rest_route=\/wp\/v2\/types\/post"}],"author":[{"embeddable":true,"href":"https:\/\/cofecon.org.br\/cofecon\/index.php?rest_route=\/wp\/v2\/users\/1"}],"replies":[{"embeddable":true,"href":"https:\/\/cofecon.org.br\/cofecon\/index.php?rest_route=%2Fwp%2Fv2%2Fcomments&post=4781"}],"version-history":[{"count":0,"href":"https:\/\/cofecon.org.br\/cofecon\/index.php?rest_route=\/wp\/v2\/posts\/4781\/revisions"}],"wp:featuredmedia":[{"embeddable":true,"href":"https:\/\/cofecon.org.br\/cofecon\/index.php?rest_route=\/wp\/v2\/media\/4782"}],"wp:attachment":[{"href":"https:\/\/cofecon.org.br\/cofecon\/index.php?rest_route=%2Fwp%2Fv2%2Fmedia&parent=4781"}],"wp:term":[{"taxonomy":"category","embeddable":true,"href":"https:\/\/cofecon.org.br\/cofecon\/index.php?rest_route=%2Fwp%2Fv2%2Fcategories&post=4781"},{"taxonomy":"post_tag","embeddable":true,"href":"https:\/\/cofecon.org.br\/cofecon\/index.php?rest_route=%2Fwp%2Fv2%2Ftags&post=4781"}],"curies":[{"name":"wp","href":"https:\/\/api.w.org\/{rel}","templated":true}]}}