{"id":4774,"date":"2018-04-27T13:50:04","date_gmt":"2018-04-27T16:50:04","guid":{"rendered":"http:\/\/www.cofecon.org.br\/?p=4774"},"modified":"2018-04-27T13:50:04","modified_gmt":"2018-04-27T16:50:04","slug":"presidente-wellington-leonardo-fala-a-record-sobre-juros-e-endividamento","status":"publish","type":"post","link":"https:\/\/cofecon.org.br\/cofecon\/?p=4774","title":{"rendered":"Presidente Wellington Leonardo fala \u00e0 Record sobre juros e endividamento"},"content":{"rendered":"<p style=\"text-align: justify;\">O presidente do Cofecon, Wellington Leonardo, concedeu entrevista ao jornal de n\u00edvel nacional <em>Jornal da Record<\/em> para falar sobre juros, alta do d\u00f3lar e endividamento. A mat\u00e9ria foi ao ar no dia 26\/04\/2018. Assista na \u00edntegra:\u00a0<a href=\"https:\/\/noticias.r7.com\/jornal-da-record\/videos\/juros-do-cheque-especial-e-do-cartao-de-credito-sobem-em-marco-27042018\">https:\/\/noticias.r7.com\/jornal-da-record\/videos\/juros-do-cheque-especial-e-do-cartao-de-credito-sobem-em-marco-27042018<\/a><\/p>\n<p><img loading=\"lazy\" decoding=\"async\" class=\"wp-image-4775 size-full aligncenter\" src=\"http:\/\/cofecon.org.br\/cofecon\/wp-content\/uploads\/2018\/04\/leo-record.png\" alt=\"\" width=\"924\" height=\"918\" srcset=\"https:\/\/cofecon.org.br\/cofecon\/wp-content\/uploads\/2018\/04\/leo-record.png 924w, https:\/\/cofecon.org.br\/cofecon\/wp-content\/uploads\/2018\/04\/leo-record-300x298.png 300w, https:\/\/cofecon.org.br\/cofecon\/wp-content\/uploads\/2018\/04\/leo-record-150x150.png 150w, https:\/\/cofecon.org.br\/cofecon\/wp-content\/uploads\/2018\/04\/leo-record-768x763.png 768w, https:\/\/cofecon.org.br\/cofecon\/wp-content\/uploads\/2018\/04\/leo-record-800x795.png 800w\" sizes=\"(max-width: 924px) 100vw, 924px\" \/><\/p>\n","protected":false},"excerpt":{"rendered":"<p>O presidente do Cofecon, Wellington Leonardo, concedeu entrevista ao jornal de n\u00edvel nacional Jornal da Record para falar sobre juros, alta do d\u00f3lar e endividamento. A mat\u00e9ria foi ao ar no dia 26\/04\/2018. Assista na \u00edntegra:\u00a0https:\/\/noticias.r7.com\/jornal-da-record\/videos\/juros-do-cheque-especial-e-do-cartao-de-credito-sobem-em-marco-27042018<\/p>\n","protected":false},"author":1,"featured_media":4776,"comment_status":"open","ping_status":"open","sticky":false,"template":"","format":"standard","meta":{"footnotes":""},"categories":[47,7],"tags":[],"class_list":["post-4774","post","type-post","status-publish","format-standard","has-post-thumbnail","hentry","category-acoes-da-presidencia-wellington","category-cofecon-na-midia"],"_links":{"self":[{"href":"https:\/\/cofecon.org.br\/cofecon\/index.php?rest_route=\/wp\/v2\/posts\/4774"}],"collection":[{"href":"https:\/\/cofecon.org.br\/cofecon\/index.php?rest_route=\/wp\/v2\/posts"}],"about":[{"href":"https:\/\/cofecon.org.br\/cofecon\/index.php?rest_route=\/wp\/v2\/types\/post"}],"author":[{"embeddable":true,"href":"https:\/\/cofecon.org.br\/cofecon\/index.php?rest_route=\/wp\/v2\/users\/1"}],"replies":[{"embeddable":true,"href":"https:\/\/cofecon.org.br\/cofecon\/index.php?rest_route=%2Fwp%2Fv2%2Fcomments&post=4774"}],"version-history":[{"count":0,"href":"https:\/\/cofecon.org.br\/cofecon\/index.php?rest_route=\/wp\/v2\/posts\/4774\/revisions"}],"wp:featuredmedia":[{"embeddable":true,"href":"https:\/\/cofecon.org.br\/cofecon\/index.php?rest_route=\/wp\/v2\/media\/4776"}],"wp:attachment":[{"href":"https:\/\/cofecon.org.br\/cofecon\/index.php?rest_route=%2Fwp%2Fv2%2Fmedia&parent=4774"}],"wp:term":[{"taxonomy":"category","embeddable":true,"href":"https:\/\/cofecon.org.br\/cofecon\/index.php?rest_route=%2Fwp%2Fv2%2Fcategories&post=4774"},{"taxonomy":"post_tag","embeddable":true,"href":"https:\/\/cofecon.org.br\/cofecon\/index.php?rest_route=%2Fwp%2Fv2%2Ftags&post=4774"}],"curies":[{"name":"wp","href":"https:\/\/api.w.org\/{rel}","templated":true}]}}