{"id":4750,"date":"2018-04-26T18:35:05","date_gmt":"2018-04-26T21:35:05","guid":{"rendered":"http:\/\/www.cofecon.org.br\/?p=4750"},"modified":"2018-04-26T18:35:05","modified_gmt":"2018-04-26T21:35:05","slug":"no-conselhao-presidente-do-cofecon-defendeu-dialogo-entre-os-dirigentes-dos-conselhos-de-fiscalizacao-profissional","status":"publish","type":"post","link":"https:\/\/cofecon.org.br\/cofecon\/?p=4750","title":{"rendered":"No Conselh\u00e3o, presidente do Cofecon defendeu di\u00e1logo entre os dirigentes dos conselhos de fiscaliza\u00e7\u00e3o profissional"},"content":{"rendered":"<p style=\"text-align: justify;\"><a href=\"http:\/\/www.cofecon.org.br\/2018\/04\/26\/no-conselhao-presidente-do-cofecon-defendeu-dialogo-entre-os-dirigentes-dos-conselhos-de-fiscalizacao-profissional\/conselhao-2\/\" rel=\"attachment wp-att-4752\"><img loading=\"lazy\" decoding=\"async\" class=\"wp-image-4752 size-medium alignleft\" src=\"http:\/\/www.cofecon.org.br\/wp-content\/uploads\/2018\/04\/conselhao-300x214.jpg\" alt=\"\" width=\"300\" height=\"214\" srcset=\"https:\/\/cofecon.org.br\/cofecon\/wp-content\/uploads\/2018\/04\/conselhao-300x214.jpg 300w, https:\/\/cofecon.org.br\/cofecon\/wp-content\/uploads\/2018\/04\/conselhao.jpg 701w\" sizes=\"(max-width: 300px) 100vw, 300px\" \/><\/a>O presidente do Cofecon, Wellington Leonardo da Silva, participou da 61\u00aa Reuni\u00e3o Extraordin\u00e1ria do F\u00f3rum dos Conselhos Federais de Profiss\u00f5es Regulamentadas, o Conselh\u00e3o, realizada nesta quinta-feira, 26 de abril, na sede do Conselho Federal de Corretores de Im\u00f3veis (COFECI), em Bras\u00edlia.<\/p>\n<p style=\"text-align: justify;\">\nO destaque da pauta foi o Projeto de Lei n\u00ba 9818\/2018 e o Projeto de Decreto Legislativo n\u00ba 901\/2018, ambos de autoria do deputado federal Ricardo Izar (PP\/SP) que buscam suprimir compet\u00eancias legais do Conselho de Arquitetura e Urbanismo do Brasil (CAU\/BR) em dispor sobre a profiss\u00e3o de arquiteto e urbanista, bem como sustar atos expedidos pela autarquia. Os representantes do CAU\/BR e do Conselho Federal de Engenharia e Agronomia (CONFEA) discutiram sobre as mat\u00e9rias e levaram todos os presentes \u00e0 reflex\u00e3o sobre o futuro dos conselhos e a necessidade do di\u00e1logo entre os dirigentes.<\/p>\n<p style=\"text-align: justify;\">\n&#8220;Acho bastante positivo o rumo que essa discuss\u00e3o est\u00e1 tomando no dia de hoje aqui no F\u00f3rum. Inicio a minha interven\u00e7\u00e3o sugerindo que isso passe a ser uma pr\u00e1tica no Conselh\u00e3o. Cada vez que qualquer conselho, inclusive o de economia, editar uma resolu\u00e7\u00e3o ou tiver preparado um projeto de lei que conflite com o exerc\u00edcio de outras profiss\u00f5es, este deve ser o f\u00f3rum para discutirmos. Esse deve ser o f\u00f3rum para que a gente equalize os nossos problemas&#8221;, declarou Wellington Leonardo.<\/p>\n<p style=\"text-align: justify;\">\nO presidente citou as reuni\u00f5es realizadas com o Conselho Federal de Administra\u00e7\u00e3o (CFA) para buscar entendimento sobre os projetos de lei que regulamentam as profiss\u00f5es dos economistas e administradores. &#8221; Se n\u00e3o nos unirmos e nos entendermos, vamos assistir ao aumento do processo de fragiliza\u00e7\u00e3o do mundo do trabalho em rela\u00e7\u00e3o ao capital&#8221;, alertou.<\/p>\n<p style=\"text-align: justify;\">\nOutro ponto de pauta foi a A\u00e7\u00e3o Direta de Inconstitucionalidade (ADI) 2135, que envolve o regime jur\u00eddico de contrata\u00e7\u00e3o dos funcion\u00e1rios dos conselhos de fiscaliza\u00e7\u00e3o profissional, se pelo regime celetista ou estatut\u00e1rio, e suas consequ\u00eancias pr\u00e1ticas.<\/p>\n","protected":false},"excerpt":{"rendered":"<p>O presidente do Cofecon, Wellington Leonardo da Silva, participou da 61\u00aa Reuni\u00e3o Extraordin\u00e1ria do F\u00f3rum dos Conselhos Federais de Profiss\u00f5es Regulamentadas, o Conselh\u00e3o, realizada nesta quinta-feira, 26 de abril, na sede do Conselho Federal de Corretores de Im\u00f3veis (COFECI), em<\/p>\n<p><a class=\"more-link\" href=\"https:\/\/cofecon.org.br\/cofecon\/?p=4750\">Leia Mais<\/a><\/p>\n","protected":false},"author":1,"featured_media":4751,"comment_status":"open","ping_status":"open","sticky":false,"template":"","format":"standard","meta":{"footnotes":""},"categories":[47,2],"tags":[],"class_list":["post-4750","post","type-post","status-publish","format-standard","has-post-thumbnail","hentry","category-acoes-da-presidencia-wellington","category-noticias"],"_links":{"self":[{"href":"https:\/\/cofecon.org.br\/cofecon\/index.php?rest_route=\/wp\/v2\/posts\/4750"}],"collection":[{"href":"https:\/\/cofecon.org.br\/cofecon\/index.php?rest_route=\/wp\/v2\/posts"}],"about":[{"href":"https:\/\/cofecon.org.br\/cofecon\/index.php?rest_route=\/wp\/v2\/types\/post"}],"author":[{"embeddable":true,"href":"https:\/\/cofecon.org.br\/cofecon\/index.php?rest_route=\/wp\/v2\/users\/1"}],"replies":[{"embeddable":true,"href":"https:\/\/cofecon.org.br\/cofecon\/index.php?rest_route=%2Fwp%2Fv2%2Fcomments&post=4750"}],"version-history":[{"count":0,"href":"https:\/\/cofecon.org.br\/cofecon\/index.php?rest_route=\/wp\/v2\/posts\/4750\/revisions"}],"wp:featuredmedia":[{"embeddable":true,"href":"https:\/\/cofecon.org.br\/cofecon\/index.php?rest_route=\/wp\/v2\/media\/4751"}],"wp:attachment":[{"href":"https:\/\/cofecon.org.br\/cofecon\/index.php?rest_route=%2Fwp%2Fv2%2Fmedia&parent=4750"}],"wp:term":[{"taxonomy":"category","embeddable":true,"href":"https:\/\/cofecon.org.br\/cofecon\/index.php?rest_route=%2Fwp%2Fv2%2Fcategories&post=4750"},{"taxonomy":"post_tag","embeddable":true,"href":"https:\/\/cofecon.org.br\/cofecon\/index.php?rest_route=%2Fwp%2Fv2%2Ftags&post=4750"}],"curies":[{"name":"wp","href":"https:\/\/api.w.org\/{rel}","templated":true}]}}