{"id":4740,"date":"2018-04-24T11:59:19","date_gmt":"2018-04-24T14:59:19","guid":{"rendered":"http:\/\/www.cofecon.org.br\/?p=4740"},"modified":"2018-04-24T11:59:19","modified_gmt":"2018-04-24T14:59:19","slug":"diario-do-nordeste-repercute-debate-do-corecon-ce-sobre-reforma-tributaria","status":"publish","type":"post","link":"https:\/\/cofecon.org.br\/cofecon\/?p=4740","title":{"rendered":"Di\u00e1rio do Nordeste repercute debate do Corecon-CE sobre Reforma Tribut\u00e1ria"},"content":{"rendered":"<p style=\"text-align: justify;\">O jornal de circula\u00e7\u00e3o regional Di\u00e1rio do Nordeste repercutiu o debate &#8220;Reforma Tribut\u00e1ria como indutora do desenvolvimento econ\u00f4mico&#8221; promovido pelo Corecon-CE no dia 24\/04, na Universidade de Fortaleza (UNIFOR).<\/p>\n<p style=\"text-align: justify;\">Entre os palestrantes, estavam o ex-secret\u00e1rio da Fazenda do Cear\u00e1, Mauro Filho; o consultor tribut\u00e1rio e empresarial, S\u00e9rgio Melo; e o diretor do Instituto Cearense de Estudos Tribut\u00e1rios (ICET), Schubert Machado. Os debates contaram com a media\u00e7\u00e3o do presidente do CORECON-CE, Lauro Chaves Neto.<\/p>\n<p style=\"text-align: justify;\">Confira a reportagem feita pelo Di\u00e1rio do Nordeste:\u00a0<a href=\"http:\/\/diariodonordeste.verdesmares.com.br\/mobile\/cadernos\/negocios\/sistema-tributario-deve-ser-alterado-dizem-especialistas-1.1928844\">http:\/\/diariodonordeste.verdesmares.com.br\/mobile\/cadernos\/negocios\/sistema-tributario-deve-ser-alterado-dizem-especialistas-1.1928844<\/a><\/p>\n<p><img loading=\"lazy\" decoding=\"async\" class=\"wp-image-4745 size-full aligncenter\" src=\"http:\/\/cofecon.org.br\/cofecon\/wp-content\/uploads\/2018\/04\/jornal.jpg\" alt=\"\" width=\"511\" height=\"729\" srcset=\"https:\/\/cofecon.org.br\/cofecon\/wp-content\/uploads\/2018\/04\/jornal.jpg 511w, https:\/\/cofecon.org.br\/cofecon\/wp-content\/uploads\/2018\/04\/jornal-210x300.jpg 210w\" sizes=\"(max-width: 511px) 100vw, 511px\" \/><\/p>\n","protected":false},"excerpt":{"rendered":"<p>O jornal de circula\u00e7\u00e3o regional Di\u00e1rio do Nordeste repercutiu o debate &#8220;Reforma Tribut\u00e1ria como indutora do desenvolvimento econ\u00f4mico&#8221; promovido pelo Corecon-CE no dia 24\/04, na Universidade de Fortaleza (UNIFOR). Entre os palestrantes, estavam o ex-secret\u00e1rio da Fazenda do Cear\u00e1, Mauro<\/p>\n<p><a class=\"more-link\" href=\"https:\/\/cofecon.org.br\/cofecon\/?p=4740\">Leia Mais<\/a><\/p>\n","protected":false},"author":1,"featured_media":4742,"comment_status":"open","ping_status":"open","sticky":false,"template":"","format":"standard","meta":{"footnotes":""},"categories":[5],"tags":[],"class_list":["post-4740","post","type-post","status-publish","format-standard","has-post-thumbnail","hentry","category-corecons-na-midia"],"_links":{"self":[{"href":"https:\/\/cofecon.org.br\/cofecon\/index.php?rest_route=\/wp\/v2\/posts\/4740"}],"collection":[{"href":"https:\/\/cofecon.org.br\/cofecon\/index.php?rest_route=\/wp\/v2\/posts"}],"about":[{"href":"https:\/\/cofecon.org.br\/cofecon\/index.php?rest_route=\/wp\/v2\/types\/post"}],"author":[{"embeddable":true,"href":"https:\/\/cofecon.org.br\/cofecon\/index.php?rest_route=\/wp\/v2\/users\/1"}],"replies":[{"embeddable":true,"href":"https:\/\/cofecon.org.br\/cofecon\/index.php?rest_route=%2Fwp%2Fv2%2Fcomments&post=4740"}],"version-history":[{"count":0,"href":"https:\/\/cofecon.org.br\/cofecon\/index.php?rest_route=\/wp\/v2\/posts\/4740\/revisions"}],"wp:featuredmedia":[{"embeddable":true,"href":"https:\/\/cofecon.org.br\/cofecon\/index.php?rest_route=\/wp\/v2\/media\/4742"}],"wp:attachment":[{"href":"https:\/\/cofecon.org.br\/cofecon\/index.php?rest_route=%2Fwp%2Fv2%2Fmedia&parent=4740"}],"wp:term":[{"taxonomy":"category","embeddable":true,"href":"https:\/\/cofecon.org.br\/cofecon\/index.php?rest_route=%2Fwp%2Fv2%2Fcategories&post=4740"},{"taxonomy":"post_tag","embeddable":true,"href":"https:\/\/cofecon.org.br\/cofecon\/index.php?rest_route=%2Fwp%2Fv2%2Ftags&post=4740"}],"curies":[{"name":"wp","href":"https:\/\/api.w.org\/{rel}","templated":true}]}}