{"id":4737,"date":"2018-04-26T10:41:36","date_gmt":"2018-04-26T13:41:36","guid":{"rendered":"http:\/\/www.cofecon.org.br\/?p=4737"},"modified":"2018-04-26T10:41:36","modified_gmt":"2018-04-26T13:41:36","slug":"artigo-sinuca-de-bico","status":"publish","type":"post","link":"https:\/\/cofecon.org.br\/cofecon\/?p=4737","title":{"rendered":"Artigo &#8211; Sinuca de bico"},"content":{"rendered":"<p style=\"text-align: justify;\">N\u00e3o t\u00eam sido nada animadores os \u00faltimos resultados sobre o desempenho da economia brasileira. A previs\u00e3o \u00e9 de que o crescimento do PIB no primeiro trimestre de 2018 varie entre parcos 0,3% e 0,4% sobre o \u00faltimo trimestre de 2017. O fraco resultado j\u00e1 comprometeu o desempenho em 2018 e as consultorias j\u00e1 revisam sua proje\u00e7\u00e3o de crescimento entre 3,0% e 4,0% para algo pr\u00f3ximo a 2,5%.<\/p>\n<p style=\"text-align: justify;\">O curioso \u00e9 a surpresa com os n\u00fameros que se apresentam, pois apenas refletem a implementa\u00e7\u00e3o de uma pol\u00edtica econ\u00f4mica contracionista, pautada num brutal corte dos gastos p\u00fablicos e na falta de est\u00edmulos ao consumo, ou seja, \u00e0 demanda agregada. A retomada do emprego, por exemplo, tem se dado em torno da gera\u00e7\u00e3o de empregos informais, com remunera\u00e7\u00e3o mais baixa e grande vulnerabilidade da condi\u00e7\u00e3o de trabalho, resultando em menor propens\u00e3o ao consumo.<\/p>\n<p style=\"text-align: justify;\">De outro lado, h\u00e1 uma grande desconfian\u00e7a dos empres\u00e1rios em efetuar investimentos produtivos, seja pela baixa recupera\u00e7\u00e3o do consumo, seja pela elevada instabilidade pol\u00edtica. \u00c9 sabido que o mercado financeiro e os grandes empres\u00e1rios apostam na elei\u00e7\u00e3o de um candidato que mantenha a agenda de reformas pr\u00f3-mercado \u2013 que significa retirada de direitos sociais, privatiza\u00e7\u00f5es etc \u2013 e o drama tem sido a \u00f3bvia baixa aceita\u00e7\u00e3o de candidatos com esse perfil por parte dos eleitores.<\/p>\n<p style=\"text-align: justify;\">As inten\u00e7\u00f5es de voto em Alckmin, Temer, Rodrigo Maia, \u00c1lvaro Dias e Henrique Meirelles, somadas, n\u00e3o chegam a 20% do eleitorado, praticamente a metade do contingente disposto a votar em Lula. Da\u00ed o des\u00e2nimo que tomou conta da Bolsa e a repentina subida do d\u00f3lar. O fato \u00e9 que os agentes do mercado se meteram em uma sinuca de bico. A bem sucedida trama jur\u00eddico\/empresarial de retirar Lula da corrida eleitoral n\u00e3o lhes d\u00e3o a garantia de vit\u00f3ria em outubro. Ser\u00e3o, sem d\u00favida, cinco meses de patinadas no cen\u00e1rio econ\u00f4mico e de intenso nervosismo no mercado financeiro.<\/p>\n<p style=\"text-align: center;\"><strong>J\u00falio Miragaya, conselheiro do Conselheiro Federal de Economia, foi presidente da autarquia em 2016\/17.<\/strong><\/p>\n<p style=\"text-align: center;\"><strong>Artigo publicado na edi\u00e7\u00e3o de 26\/04\/2018 do Jornal de Bras\u00edlia.<\/strong><\/p>\n","protected":false},"excerpt":{"rendered":"<p>N\u00e3o t\u00eam sido nada animadores os \u00faltimos resultados sobre o desempenho da economia brasileira. A previs\u00e3o \u00e9 de que o crescimento do PIB no primeiro trimestre de 2018 varie entre parcos 0,3% e 0,4% sobre o \u00faltimo trimestre de 2017.<\/p>\n<p><a class=\"more-link\" href=\"https:\/\/cofecon.org.br\/cofecon\/?p=4737\">Leia Mais<\/a><\/p>\n","protected":false},"author":1,"featured_media":4738,"comment_status":"open","ping_status":"open","sticky":false,"template":"","format":"standard","meta":{"footnotes":""},"categories":[6],"tags":[],"class_list":["post-4737","post","type-post","status-publish","format-standard","has-post-thumbnail","hentry","category-artigo"],"_links":{"self":[{"href":"https:\/\/cofecon.org.br\/cofecon\/index.php?rest_route=\/wp\/v2\/posts\/4737"}],"collection":[{"href":"https:\/\/cofecon.org.br\/cofecon\/index.php?rest_route=\/wp\/v2\/posts"}],"about":[{"href":"https:\/\/cofecon.org.br\/cofecon\/index.php?rest_route=\/wp\/v2\/types\/post"}],"author":[{"embeddable":true,"href":"https:\/\/cofecon.org.br\/cofecon\/index.php?rest_route=\/wp\/v2\/users\/1"}],"replies":[{"embeddable":true,"href":"https:\/\/cofecon.org.br\/cofecon\/index.php?rest_route=%2Fwp%2Fv2%2Fcomments&post=4737"}],"version-history":[{"count":0,"href":"https:\/\/cofecon.org.br\/cofecon\/index.php?rest_route=\/wp\/v2\/posts\/4737\/revisions"}],"wp:featuredmedia":[{"embeddable":true,"href":"https:\/\/cofecon.org.br\/cofecon\/index.php?rest_route=\/wp\/v2\/media\/4738"}],"wp:attachment":[{"href":"https:\/\/cofecon.org.br\/cofecon\/index.php?rest_route=%2Fwp%2Fv2%2Fmedia&parent=4737"}],"wp:term":[{"taxonomy":"category","embeddable":true,"href":"https:\/\/cofecon.org.br\/cofecon\/index.php?rest_route=%2Fwp%2Fv2%2Fcategories&post=4737"},{"taxonomy":"post_tag","embeddable":true,"href":"https:\/\/cofecon.org.br\/cofecon\/index.php?rest_route=%2Fwp%2Fv2%2Ftags&post=4737"}],"curies":[{"name":"wp","href":"https:\/\/api.w.org\/{rel}","templated":true}]}}