{"id":4730,"date":"2018-04-26T09:26:44","date_gmt":"2018-04-26T12:26:44","guid":{"rendered":"http:\/\/www.cofecon.org.br\/?p=4730"},"modified":"2018-04-26T09:26:44","modified_gmt":"2018-04-26T12:26:44","slug":"presidente-do-cofecon-participou-do-lancamento-do-manifesto-reforma-tributaria-e-solidaria-menos-desigualdade-mais-brasil","status":"publish","type":"post","link":"https:\/\/cofecon.org.br\/cofecon\/?p=4730","title":{"rendered":"Presidente do Cofecon participou do lan\u00e7amento do Manifesto Reforma Tribut\u00e1ria e Solid\u00e1ria: Menos Desigualdade, Mais Brasil"},"content":{"rendered":"<p style=\"text-align: justify;\"><a href=\"http:\/\/www.cofecon.org.br\/2018\/04\/26\/presidente-do-cofecon-participou-do-lancamento-do-manifesto-reforma-tributaria-e-solidaria-menos-desigualdade-mais-brasil\/leo_camara_2\/\" rel=\"attachment wp-att-4731\"><img loading=\"lazy\" decoding=\"async\" class=\"size-full wp-image-4731 alignleft\" src=\"http:\/\/cofecon.org.br\/cofecon\/wp-content\/uploads\/2018\/04\/leo_camara_2.jpg\" alt=\"\" width=\"352\" height=\"250\" srcset=\"https:\/\/cofecon.org.br\/cofecon\/wp-content\/uploads\/2018\/04\/leo_camara_2.jpg 352w, https:\/\/cofecon.org.br\/cofecon\/wp-content\/uploads\/2018\/04\/leo_camara_2-300x213.jpg 300w\" sizes=\"(max-width: 352px) 100vw, 352px\" \/><\/a>O presidente do Cofecon, Wellington Leonardo da Silva, participou do evento sobre os 44 anos da Revolu\u00e7\u00e3o dos Cravos, ocasi\u00e3o em que foi apresentado o manifesto &#8220;Reforma Tribut\u00e1ria Solid\u00e1ria: Menos Desigualdade, Mais Brasil&#8221;. O lan\u00e7amento ocorreu no dia 25 de abril no Sal\u00e3o Nobre da C\u00e2mara dos Deputados.<\/p>\n<p style=\"text-align: justify;\">\nO Movimento \u00e9 iniciativa da Associa\u00e7\u00e3o Nacional dos Auditores Fiscais da Receita Federal do Brasil (Anfip) e da Federa\u00e7\u00e3o Nacional do Fisco Estadual e Distrital (Fenafisco) e conta com o apoio do Cofecon, entre outras entidades. A iniciativa pretende estudar todos os impostos cobrados no Brasil e encontrar solu\u00e7\u00f5es para a desigualdade. Segundo as institui\u00e7\u00f5es, ser\u00e1 feito um trabalho de fomento a um debate amplo, plural e democr\u00e1tico para corrigir as anomalias do sistema tribut\u00e1rio brasileiro, comparando-o com o de pa\u00edses capitalistas menos desiguais.<\/p>\n<p style=\"text-align: justify;\">\nOs principais pontos do Manifesto s\u00e3o: Reforma tribut\u00e1ria para o desenvolvimento; financiamento do gasto social; sistema tribut\u00e1rio progressivo; redu\u00e7\u00e3o da carga tribut\u00e1ria indireta; equil\u00edbrio federativo; amplia\u00e7\u00e3o da tributa\u00e7\u00e3o ambiental; com\u00e9rcio internacional; e fomento de a\u00e7\u00f5es para o aumento das receitas, sem o aumento da carga tribut\u00e1ria.<\/p>\n<p style=\"text-align: justify;\">\nOs interessados em participar do Movimento devem enviar e-mail para secretaria@fenafisco.org.br e secretaria@anfip.org.br<\/p>\n","protected":false},"excerpt":{"rendered":"<p>O presidente do Cofecon, Wellington Leonardo da Silva, participou do evento sobre os 44 anos da Revolu\u00e7\u00e3o dos Cravos, ocasi\u00e3o em que foi apresentado o manifesto &#8220;Reforma Tribut\u00e1ria Solid\u00e1ria: Menos Desigualdade, Mais Brasil&#8221;. O lan\u00e7amento ocorreu no dia 25 de<\/p>\n<p><a class=\"more-link\" href=\"https:\/\/cofecon.org.br\/cofecon\/?p=4730\">Leia Mais<\/a><\/p>\n","protected":false},"author":1,"featured_media":4731,"comment_status":"open","ping_status":"open","sticky":false,"template":"","format":"standard","meta":{"footnotes":""},"categories":[47,2],"tags":[],"class_list":["post-4730","post","type-post","status-publish","format-standard","has-post-thumbnail","hentry","category-acoes-da-presidencia-wellington","category-noticias"],"_links":{"self":[{"href":"https:\/\/cofecon.org.br\/cofecon\/index.php?rest_route=\/wp\/v2\/posts\/4730"}],"collection":[{"href":"https:\/\/cofecon.org.br\/cofecon\/index.php?rest_route=\/wp\/v2\/posts"}],"about":[{"href":"https:\/\/cofecon.org.br\/cofecon\/index.php?rest_route=\/wp\/v2\/types\/post"}],"author":[{"embeddable":true,"href":"https:\/\/cofecon.org.br\/cofecon\/index.php?rest_route=\/wp\/v2\/users\/1"}],"replies":[{"embeddable":true,"href":"https:\/\/cofecon.org.br\/cofecon\/index.php?rest_route=%2Fwp%2Fv2%2Fcomments&post=4730"}],"version-history":[{"count":0,"href":"https:\/\/cofecon.org.br\/cofecon\/index.php?rest_route=\/wp\/v2\/posts\/4730\/revisions"}],"wp:featuredmedia":[{"embeddable":true,"href":"https:\/\/cofecon.org.br\/cofecon\/index.php?rest_route=\/wp\/v2\/media\/4731"}],"wp:attachment":[{"href":"https:\/\/cofecon.org.br\/cofecon\/index.php?rest_route=%2Fwp%2Fv2%2Fmedia&parent=4730"}],"wp:term":[{"taxonomy":"category","embeddable":true,"href":"https:\/\/cofecon.org.br\/cofecon\/index.php?rest_route=%2Fwp%2Fv2%2Fcategories&post=4730"},{"taxonomy":"post_tag","embeddable":true,"href":"https:\/\/cofecon.org.br\/cofecon\/index.php?rest_route=%2Fwp%2Fv2%2Ftags&post=4730"}],"curies":[{"name":"wp","href":"https:\/\/api.w.org\/{rel}","templated":true}]}}