{"id":4728,"date":"2018-04-25T10:28:17","date_gmt":"2018-04-25T13:28:17","guid":{"rendered":"http:\/\/www.cofecon.org.br\/?p=4728"},"modified":"2018-04-25T10:28:17","modified_gmt":"2018-04-25T13:28:17","slug":"forum-nacional-pela-reducao-da-desigualdade-se-reune-no-cofecon","status":"publish","type":"post","link":"https:\/\/cofecon.org.br\/cofecon\/?p=4728","title":{"rendered":"F\u00f3rum Nacional pela Redu\u00e7\u00e3o da Desigualdade se re\u00fane no Cofecon"},"content":{"rendered":"<p style=\"text-align: justify;\"><img loading=\"lazy\" decoding=\"async\" class=\"wp-image-4735 alignleft\" src=\"http:\/\/www.cofecon.org.br\/wp-content\/uploads\/2018\/04\/6-300x225.jpg\" alt=\"\" width=\"500\" height=\"375\" srcset=\"https:\/\/cofecon.org.br\/cofecon\/wp-content\/uploads\/2018\/04\/6-300x225.jpg 300w, https:\/\/cofecon.org.br\/cofecon\/wp-content\/uploads\/2018\/04\/6-1024x768.jpg 1024w, https:\/\/cofecon.org.br\/cofecon\/wp-content\/uploads\/2018\/04\/6-768x576.jpg 768w, https:\/\/cofecon.org.br\/cofecon\/wp-content\/uploads\/2018\/04\/6-1536x1152.jpg 1536w, https:\/\/cofecon.org.br\/cofecon\/wp-content\/uploads\/2018\/04\/6-2048x1536.jpg 2048w, https:\/\/cofecon.org.br\/cofecon\/wp-content\/uploads\/2018\/04\/6-800x600.jpg 800w, https:\/\/cofecon.org.br\/cofecon\/wp-content\/uploads\/2018\/04\/6-400x300.jpg 400w\" sizes=\"(max-width: 500px) 100vw, 500px\" \/>O\u00a0F\u00f3rum Nacional pela Redu\u00e7\u00e3o da Desigualdade se reuniu na quarta-feira (25\/04) na sede do Cofecon para discutir as estrat\u00e9gias de apresenta\u00e7\u00e3o do projeto de Reforma Tribut\u00e1ria \u00e0 sociedade brasileira e ao Congresso Nacional.\u00a0Representantes de nove institui\u00e7\u00f5es estiveram presentes na reuni\u00e3o (confira lista completa ao final da mat\u00e9ria).<\/p>\n<p style=\"text-align: justify;\">O encontro iniciou com uma breve discuss\u00e3o sobre a atual conjuntura socioecon\u00f4mica e pol\u00edtica brasileira. Em sua fala, o presidente do Cofecon, Wellington Leonardo, sublinhou a necessidade de se construir um modelo tribut\u00e1rio que vise a redu\u00e7\u00e3o da desigualdade de renda no pa\u00eds. &#8220;Fala-se de reforma tribut\u00e1ria h\u00e1 muito tempo. A quest\u00e3o \u00e9: de qual reforma tribut\u00e1ria estamos falando? A reforma que as elites pedem \u00e9 a redu\u00e7\u00e3o de impostos. Eles propagam a ideia de que a carga tribut\u00e1ria brasileira \u00e9 alta. N\u00f3s precisamos desmistificar m\u00e1ximas como esta e fazer ecoar na sociedade a nossa voz em defesa de um modelo tribut\u00e1rio mais justo e progressivo&#8221;, ressaltou Wellington Leonardo.<\/p>\n<p style=\"text-align: justify;\">Na sequ\u00eancia o grupo apreciou o manifesto\u00a0\u201cReforma Tribut\u00e1ria Solid\u00e1ria, Menos Desigualdade, Mais Brasil\u201d, documento elaborado pela\u00a0Associa\u00e7\u00e3o Nacional dos Auditores Fiscais da Receita Federal do Brasil (ANFIP) e pela\u00a0Federa\u00e7\u00e3o Nacional do Fisco Estadual e Distrital (FENAFISCO) que vai ao encontro das diretrizes da\u00a0Campanha Nacional pela Redu\u00e7\u00e3o da Desigualdade Social no Brasil. O manifesto foi apresentado em evento sobre os 44 anos da Revolu\u00e7\u00e3o dos Cravos, tamb\u00e9m no dia 25 de abril, na C\u00e2mara dos Deputados. O F\u00f3rum\u00a0Nacional pela Redu\u00e7\u00e3o da Desigualdade prestigiou o evento.<\/p>\n<p style=\"text-align: justify;\">Durante a reuni\u00e3o, o F\u00f3rum tamb\u00e9m debateu as estrat\u00e9gias para o lan\u00e7amento do livro \u201cA Reforma Tribut\u00e1ria Necess\u00e1ria: Diagn\u00f3stico e Premissas\u201d, elaborado por um grupo de trabalho dentro F\u00f3rum respons\u00e1vel pela constru\u00e7\u00e3o das bases da proposta de reforma tribut\u00e1ria que a Campanha pretende apresentar \u00e0 sociedade brasileira e ao Congresso Nacional. O lan\u00e7amento do livro ocorrer\u00e1 durante o Semin\u00e1rio Internacional sobre Tributa\u00e7\u00e3o, a ser realizado de 4 a 6 de junho de 2018, em S\u00e3o Paulo.<\/p>\n<p>Participaram da reuni\u00e3o:<\/p>\n<ul>\n<li><strong>Conselho Federal de Economia &#8211; COFECON<\/strong>: Wellington Leonardo (presidente) e J\u00falio Miragaya (conselheiro);<\/li>\n<li><strong>Confer\u00eancia Nacional dos Bispos Brasileiros &#8211; CNBB<\/strong>: Guilherme Delgado (representante);<\/li>\n<li><strong>OXFAM BRASIL<\/strong>: Rafael Cruz (coordenador);<\/li>\n<li><strong>Associa\u00e7\u00e3o Nacional dos Auditores Fiscais da Receita Federal do Brasil &#8211; ANFIP<\/strong>: Rita Felicetti (representante);<\/li>\n<li><strong>Departamento Intersindical de Estat\u00edstica e Estudos Socioecon\u00f4micos &#8211; DIEESE<\/strong>: Tiago Oliveira (t\u00e9cnico);<\/li>\n<li><strong>Instituto de Estudos Socioecon\u00f4micos &#8211; INESC<\/strong>: Jos\u00e9 Antonio Moroni (diretor) e Grazielle David (assessora);<\/li>\n<li><strong>Sindicato Nacional dos Docentes das Institui\u00e7\u00f5es de Ensino Superior &#8211; ANDES<\/strong>: Josevaldo Cunha (diretor);<\/li>\n<li><strong>Departamento Intersindical de Assessoria Parlamentar &#8211; DIAP<\/strong>: Andr\u00e9 Luis dos Santos (representante);<\/li>\n<li><strong>Partido dos Trabalhadores do Distrito Federal &#8211; PT-DF<\/strong>: Mariza Garcia Borges (representante).<\/li>\n<\/ul>\n","protected":false},"excerpt":{"rendered":"<p>O\u00a0F\u00f3rum Nacional pela Redu\u00e7\u00e3o da Desigualdade se reuniu na quarta-feira (25\/04) na sede do Cofecon para discutir as estrat\u00e9gias de apresenta\u00e7\u00e3o do projeto de Reforma Tribut\u00e1ria \u00e0 sociedade brasileira e ao Congresso Nacional.\u00a0Representantes de nove institui\u00e7\u00f5es estiveram presentes na reuni\u00e3o<\/p>\n<p><a class=\"more-link\" href=\"https:\/\/cofecon.org.br\/cofecon\/?p=4728\">Leia Mais<\/a><\/p>\n","protected":false},"author":1,"featured_media":4734,"comment_status":"open","ping_status":"open","sticky":false,"template":"","format":"standard","meta":{"footnotes":""},"categories":[2],"tags":[],"class_list":["post-4728","post","type-post","status-publish","format-standard","has-post-thumbnail","hentry","category-noticias"],"_links":{"self":[{"href":"https:\/\/cofecon.org.br\/cofecon\/index.php?rest_route=\/wp\/v2\/posts\/4728"}],"collection":[{"href":"https:\/\/cofecon.org.br\/cofecon\/index.php?rest_route=\/wp\/v2\/posts"}],"about":[{"href":"https:\/\/cofecon.org.br\/cofecon\/index.php?rest_route=\/wp\/v2\/types\/post"}],"author":[{"embeddable":true,"href":"https:\/\/cofecon.org.br\/cofecon\/index.php?rest_route=\/wp\/v2\/users\/1"}],"replies":[{"embeddable":true,"href":"https:\/\/cofecon.org.br\/cofecon\/index.php?rest_route=%2Fwp%2Fv2%2Fcomments&post=4728"}],"version-history":[{"count":0,"href":"https:\/\/cofecon.org.br\/cofecon\/index.php?rest_route=\/wp\/v2\/posts\/4728\/revisions"}],"wp:featuredmedia":[{"embeddable":true,"href":"https:\/\/cofecon.org.br\/cofecon\/index.php?rest_route=\/wp\/v2\/media\/4734"}],"wp:attachment":[{"href":"https:\/\/cofecon.org.br\/cofecon\/index.php?rest_route=%2Fwp%2Fv2%2Fmedia&parent=4728"}],"wp:term":[{"taxonomy":"category","embeddable":true,"href":"https:\/\/cofecon.org.br\/cofecon\/index.php?rest_route=%2Fwp%2Fv2%2Fcategories&post=4728"},{"taxonomy":"post_tag","embeddable":true,"href":"https:\/\/cofecon.org.br\/cofecon\/index.php?rest_route=%2Fwp%2Fv2%2Ftags&post=4728"}],"curies":[{"name":"wp","href":"https:\/\/api.w.org\/{rel}","templated":true}]}}