{"id":3820,"date":"2018-02-06T13:39:21","date_gmt":"2018-02-06T15:39:21","guid":{"rendered":"http:\/\/www.cofecon.org.br\/?p=3820"},"modified":"2018-02-06T13:39:21","modified_gmt":"2018-02-06T15:39:21","slug":"artigo-trajetoria-da-renda-do-trabalho-integracao-e-dependencia","status":"publish","type":"post","link":"https:\/\/cofecon.org.br\/cofecon\/?p=3820","title":{"rendered":"Artigo &#8211; Trajet\u00f3ria da Renda do Trabalho: integra\u00e7\u00e3o e depend\u00eancia"},"content":{"rendered":"<p style=\"text-align: justify;\">O mercado de trabalho brasileiro, segundo Folha de S\u00e3o Paulo de 30.12.2017, contava em set-out-nov de 2017 com 36% de trabalhadores com carteira assinada, 25% de trabalhadores sem carteira assinada e 12% por conta pr\u00f3pria, tudo em rela\u00e7\u00e3o \u00e0 PEA. Segundo o Correio Braziliense, de 1.11.2017, 13,5 milh\u00f5es de trabalhadores se encontravam desempregados no per\u00edodo. Isso d\u00e1 em torno de 13% da taxa de desemprego.<\/p>\n<p style=\"text-align: justify;\">Estou interessado em saber como se relaciona de um lado a taxa de desemprego do mercado de trabalho formal e legal capitalista, que se chama aqui de <strong>taxa de desemprego bruta<\/strong>. De outro, a <strong>taxa de desemprego<\/strong> <strong>l\u00edquida, <\/strong>isto \u00e9, formada pelos trabalhadores que <strong>negam<\/strong> a condi\u00e7\u00e3o de desempregado e v\u00e3o \u00e0 luta em busca da sobreviv\u00eancia, seja na condi\u00e7\u00e3o de empregado sem carteira ou atrav\u00e9s de pequenos neg\u00f3cios (que sejam formais e legais) por conta pr\u00f3pria.<\/p>\n<p style=\"text-align: justify;\">Ent\u00e3o a taxa de desemprego l\u00edquida nada mais \u00e9 que a taxa de desemprego bruta menos a taxa de trabalhadores ocupados sem carteira, menos a taxa de ocupados por conta pr\u00f3pria (aut\u00f4nomos e pequenos e microempreendedores) . Seja dl a taxa de desemprego l\u00edquida; seja db a taxa de desemprego bruta; seja s a taxa de trabalhadores que negam a ociosidade e v\u00e3o \u00e0 luta sem carteira assinada; seja letra a a taxa de aut\u00f4nomos ou que negam a ociosidade por conta pr\u00f3pria.<\/p>\n<p style=\"text-align: justify;\">Para estudar a rela\u00e7\u00e3o do desemprego do mercado formal e legal com as atividades do mercado alternativo, isto \u00e9, formada por aqueles sem qualquer prote\u00e7\u00e3o do Estado, sem carteira e os aut\u00f4nomos e os por conta pr\u00f3pria, precisa-se incluir mais duas vari\u00e1veis. O grau de utiliza\u00e7\u00e3o da capacidade instalada na economia: . Quanto maior U, estima que seja menor a taxa de desemprego bruta. Quanto menor U, estima que maior seja a taxa de desemprego bruta. E isso deve concorrer para diminuir (ou aumentar) o fluxo de entrantes no mercado de trabalho alternativo. Outra vari\u00e1vel \u00e9 a folha de sal\u00e1rio dos trabalhadores empregados no mercado formal capitalista \u00a0<\/p>\n<p style=\"text-align: justify;\">Seja qual for motivo, crise econ\u00f4mica passageira, progresso t\u00e9cnico oneroso, conforme a defini\u00e7\u00e3o do economista Luiz Carlos Bresser-Pereira, se a folha de pagamento aos trabalhadores do sistema econ\u00f4mico desce, a renda do trabalho \u00a0(que inclui a renda do mercado formal W mais a renda do mercado alternativo) deve cair. A fun\u00e7\u00e3o a seguir \u00a0demonstra a trajet\u00f3ria da renda do trabalho incluindo o componente tecnol\u00f3gico ( ), onde k \u00e9 o componente que avalia a aprecia\u00e7\u00e3o ou a deprecia\u00e7\u00e3o da folha de sal\u00e1rio W por conta da inser\u00e7\u00e3o de tecnologia, no tempo. Seja t, o tempo.<\/p>\n<p style=\"text-align: justify;\">A componente kt pode ser maior, igual ou menor que 1. Se esta for maior que 1 ent\u00e3o a folha salarial W est\u00e1 crescendo no tempo em rela\u00e7\u00e3o ao PIB. Se for igual a 1 \u00e9 sinal que a componente tecnol\u00f3gica \u00e9 neutra em rela\u00e7\u00e3o \u00e0 renda do mercado de trabalho formal, legal e capitalista. Se o componente tecnol\u00f3gico kt for menor que 1 ent\u00e3o o processo de inser\u00e7\u00e3o de tecnologia economia estar\u00e1 derrubando a renda do trabalho formal W que, por sua vez, afeta negativamente a renda do trabalho (RT).<\/p>\n<p style=\"text-align: justify;\">Na tabela abaixo demonstraremos a evolu\u00e7\u00e3o da renda do trabalho sem inclus\u00e3o da componente tecnologia (kt). Ent\u00e3o sup\u00f5e-se que esta componente da fun\u00e7\u00e3o seja constante. Sup\u00f5e que seja constante tamb\u00e9m a taxa de utiliza\u00e7\u00e3o da capacidade instalada da economia: U.<\/p>\n<p>&nbsp;<\/p>\n<table width=\"0\">\n<tbody>\n<tr>\n<td width=\"642\">\n<table width=\"0\">\n<tbody>\n<tr>\n<td width=\"79\">\u00a0<\/td>\n<td width=\"224\">\u00a0<\/td>\n<td width=\"57\">\u00a0<\/td>\n<td width=\"55\">\u00a0<\/td>\n<td width=\"55\">\u00a0<\/td>\n<td width=\"79\">\u00a0<\/td>\n<td width=\"83\">\u00a0<\/td>\n<\/tr>\n<tr>\n<td width=\"79\">\n<p>&nbsp;<\/p>\n<\/td>\n<td width=\"224\">\n<p>Simula\u00e7\u00e3o da trajetoria da renda do trabalho (RT)<\/p>\n<\/td>\n<td width=\"57\">\n<p>&nbsp;<\/p>\n<\/td>\n<td width=\"55\">\n<p>&nbsp;<\/p>\n<\/td>\n<td width=\"55\">\n<p>&nbsp;<\/p>\n<\/td>\n<td width=\"79\">\n<p>&nbsp;<\/p>\n<\/td>\n<td width=\"83\">\n<p>&nbsp;<\/p>\n<\/td>\n<\/tr>\n<tr>\n<td width=\"79\">\n<p>&nbsp;<\/p>\n<\/td>\n<td width=\"224\">\n<p>&nbsp;<\/p>\n<\/td>\n<td width=\"57\">\n<p>&nbsp;<\/p>\n<\/td>\n<td width=\"55\">\n<p>&nbsp;<\/p>\n<\/td>\n<td width=\"55\">\n<p>&nbsp;<\/p>\n<\/td>\n<td width=\"79\">\n<p>&nbsp;<\/p>\n<\/td>\n<td width=\"83\">\n<p>&nbsp;<\/p>\n<\/td>\n<\/tr>\n<tr>\n<td width=\"79\">\n<p>Folha de<\/p>\n<\/td>\n<td width=\"224\">\n<p>Tx.Dsempr<\/p>\n<\/td>\n<td width=\"57\">\n<p>Sem<\/p>\n<\/td>\n<td width=\"55\">\n<p>Por conta<\/p>\n<\/td>\n<td width=\"55\">\n<p>Tx de Dsem<\/p>\n<\/td>\n<td width=\"79\">\n<p>Capacidade<\/p>\n<\/td>\n<td width=\"83\">\n<p>Renda do<\/p>\n<\/td>\n<\/tr>\n<tr>\n<td width=\"79\">\n<p>Pagamento<\/p>\n<\/td>\n<td width=\"224\">\n<p>Bruta<\/p>\n<\/td>\n<td width=\"57\">\n<p>Carteira<\/p>\n<\/td>\n<td width=\"55\">\n<p>Propria<\/p>\n<\/td>\n<td width=\"55\">\n<p>Liquida<\/p>\n<\/td>\n<td width=\"79\">\n<p>Utilizada<\/p>\n<\/td>\n<td width=\"83\">\n<p>Trabalho<\/p>\n<\/td>\n<\/tr>\n<tr>\n<td width=\"79\">\n<p>W<\/p>\n<\/td>\n<td width=\"224\">\n<p>Db<\/p>\n<\/td>\n<td width=\"57\">\n<p>s<\/p>\n<\/td>\n<td width=\"55\">\n<p>a<\/p>\n<\/td>\n<td width=\"55\">\n<p>dl<\/p>\n<\/td>\n<td width=\"79\">\n<p>U<\/p>\n<\/td>\n<td width=\"83\">\n<p>RT<\/p>\n<\/td>\n<\/tr>\n<tr>\n<td width=\"79\">\n<p>856<\/p>\n<\/td>\n<td width=\"224\">\n<p>0,13<\/p>\n<\/td>\n<td width=\"57\">\n<p>0,08<\/p>\n<\/td>\n<td width=\"55\">\n<p>0,05<\/p>\n<\/td>\n<td width=\"55\">\n<p>0<\/p>\n<\/td>\n<td width=\"79\">\n<p>0,77<\/p>\n<\/td>\n<td width=\"83\">\n<p>856<\/p>\n<\/td>\n<\/tr>\n<tr>\n<td width=\"79\">\n<p>856<\/p>\n<\/td>\n<td width=\"224\">\n<p>0,13<\/p>\n<\/td>\n<td width=\"57\">\n<p>0,08<\/p>\n<\/td>\n<td width=\"55\">\n<p>0,05<\/p>\n<\/td>\n<td width=\"55\">\n<p>0<\/p>\n<\/td>\n<td width=\"79\">\n<p>0,77<\/p>\n<\/td>\n<td width=\"83\">\n<p>856<\/p>\n<\/td>\n<\/tr>\n<tr>\n<td width=\"79\">\n<p>856<\/p>\n<\/td>\n<td width=\"224\">\n<p>0,13<\/p>\n<\/td>\n<td width=\"57\">\n<p>0,08<\/p>\n<\/td>\n<td width=\"55\">\n<p>0,05<\/p>\n<\/td>\n<td width=\"55\">\n<p>0<\/p>\n<\/td>\n<td width=\"79\">\n<p>0,77<\/p>\n<\/td>\n<td width=\"83\">\n<p>856<\/p>\n<\/td>\n<\/tr>\n<tr>\n<td width=\"79\">\n<p>856<\/p>\n<\/td>\n<td width=\"224\">\n<p>0,13<\/p>\n<\/td>\n<td width=\"57\">\n<p>0,08<\/p>\n<\/td>\n<td width=\"55\">\n<p>0,05<\/p>\n<\/td>\n<td width=\"55\">\n<p>0<\/p>\n<\/td>\n<td width=\"79\">\n<p>0,77<\/p>\n<\/td>\n<td width=\"83\">\n<p>856<\/p>\n<\/td>\n<\/tr>\n<tr>\n<td width=\"79\">\n<p>856<\/p>\n<\/td>\n<td width=\"224\">\n<p>0,13<\/p>\n<\/td>\n<td width=\"57\">\n<p>0,02<\/p>\n<\/td>\n<td width=\"55\">\n<p>0,1<\/p>\n<\/td>\n<td width=\"55\">\n<p>0,01<\/p>\n<\/td>\n<td width=\"79\">\n<p>0,77<\/p>\n<\/td>\n<td width=\"83\">\n<p>853,7656388<\/p>\n<\/td>\n<\/tr>\n<tr>\n<td width=\"79\">\n<p>856<\/p>\n<\/td>\n<td width=\"224\">\n<p>0,13<\/p>\n<\/td>\n<td width=\"57\">\n<p>0,02<\/p>\n<\/td>\n<td width=\"55\">\n<p>0,1<\/p>\n<\/td>\n<td width=\"55\">\n<p>0,01<\/p>\n<\/td>\n<td width=\"79\">\n<p>0,77<\/p>\n<\/td>\n<td width=\"83\">\n<p>853,7656388<\/p>\n<\/td>\n<\/tr>\n<tr>\n<td width=\"79\">\n<p style=\"text-align: justify;\">856<\/p>\n<\/td>\n<td style=\"text-align: justify;\" width=\"224\">\n<p>0,13<\/p>\n<\/td>\n<td style=\"text-align: justify;\" width=\"57\">\n<p>0,02<\/p>\n<\/td>\n<td style=\"text-align: justify;\" width=\"55\">\n<p>0,1<\/p>\n<\/td>\n<td style=\"text-align: justify;\" width=\"55\">\n<p>0,01<\/p>\n<\/td>\n<td style=\"text-align: justify;\" width=\"79\">\n<p>0,77<\/p>\n<\/td>\n<td style=\"text-align: justify;\" width=\"83\">\n<p>853,7656388<\/p>\n<\/td>\n<\/tr>\n<tr style=\"text-align: justify;\">\n<td width=\"79\">\n<p>856<\/p>\n<\/td>\n<td width=\"224\">\n<p>0,13<\/p>\n<\/td>\n<td width=\"57\">\n<p>0,02<\/p>\n<\/td>\n<td width=\"55\">\n<p>0,1<\/p>\n<\/td>\n<td width=\"55\">\n<p>0,01<\/p>\n<\/td>\n<td width=\"79\">\n<p>0,77<\/p>\n<\/td>\n<td width=\"83\">\n<p>853,7656388<\/p>\n<\/td>\n<\/tr>\n<tr style=\"text-align: justify;\">\n<td width=\"79\">\n<p>856<\/p>\n<\/td>\n<td width=\"224\">\n<p>0,13<\/p>\n<\/td>\n<td width=\"57\">\n<p>0,23<\/p>\n<\/td>\n<td width=\"55\">\n<p>0,12<\/p>\n<\/td>\n<td width=\"55\">\n<p>-0,22<\/p>\n<\/td>\n<td width=\"79\">\n<p>0,77<\/p>\n<\/td>\n<td width=\"83\">\n<p>906,6628166<\/p>\n<\/td>\n<\/tr>\n<tr style=\"text-align: justify;\">\n<td width=\"79\">\n<p>856<\/p>\n<\/td>\n<td width=\"224\">\n<p>0,13<\/p>\n<\/td>\n<td width=\"57\">\n<p>0,23<\/p>\n<\/td>\n<td width=\"55\">\n<p>0,13<\/p>\n<\/td>\n<td width=\"55\">\n<p>-0,23<\/p>\n<\/td>\n<td width=\"79\">\n<p>0,77<\/p>\n<\/td>\n<td width=\"83\">\n<p>909,0356132<\/p>\n<\/td>\n<\/tr>\n<tr style=\"text-align: justify;\">\n<td width=\"79\">\n<p>856<\/p>\n<\/td>\n<td width=\"224\">\n<p>0,13<\/p>\n<\/td>\n<td width=\"57\">\n<p>0,23<\/p>\n<\/td>\n<td width=\"55\">\n<p>0,14<\/p>\n<\/td>\n<td width=\"55\">\n<p>-0,24<\/p>\n<\/td>\n<td width=\"79\">\n<p>0,77<\/p>\n<\/td>\n<td width=\"83\">\n<p>911,4146196<\/p>\n<\/td>\n<\/tr>\n<tr style=\"text-align: justify;\">\n<td width=\"79\">\n<p>856<\/p>\n<\/td>\n<td width=\"224\">\n<p>0,13<\/p>\n<\/td>\n<td width=\"57\">\n<p>0,23<\/p>\n<\/td>\n<td width=\"55\">\n<p>0,15<\/p>\n<\/td>\n<td width=\"55\">\n<p>-0,25<\/p>\n<\/td>\n<td width=\"79\">\n<p>0,77<\/p>\n<\/td>\n<td width=\"83\">\n<p>913,799852<\/p>\n<\/td>\n<\/tr>\n<tr style=\"text-align: justify;\">\n<td width=\"79\">\n<p>&nbsp;<\/p>\n<\/td>\n<td width=\"224\">\n<p>&nbsp;<\/p>\n<\/td>\n<td width=\"57\">\n<p>&nbsp;<\/p>\n<\/td>\n<td width=\"55\">\n<p>&nbsp;<\/p>\n<\/td>\n<td width=\"55\">\n<p>&nbsp;<\/p>\n<\/td>\n<td width=\"79\">\n<p>&nbsp;<\/p>\n<\/td>\n<td width=\"83\">\n<p>&nbsp;<\/p>\n<\/td>\n<\/tr>\n<\/tbody>\n<\/table>\n<\/td>\n<td style=\"text-align: justify;\" width=\"844\">\n<p>&nbsp;<\/p>\n<p>&nbsp;<\/p>\n<p>&nbsp;<\/p>\n<\/td>\n<td style=\"text-align: justify;\" width=\"361\">\n<p>&nbsp;<\/p>\n<\/td>\n<td style=\"text-align: justify;\" width=\"95\">\n<p>&nbsp;<\/p>\n<\/td>\n<\/tr>\n<\/tbody>\n<\/table>\n<p style=\"text-align: justify;\">\u00a0<\/p>\n<p style=\"text-align: justify;\">Observe que existem doze (12) per\u00edodos na tabela. Nos quatro primeiros per\u00edodos a renda do trabalho RT \u00e9 constante e igual \u00e0 Folha de Pagamento do Sistema, W. Isso quer dizer que a taxa de trabalho no mercado de trabalho alternativo \u00e9 igual a taxa de desemprego bruta, por um determinado per\u00edodo.<\/p>\n<p style=\"text-align: justify;\">No segundo momento, com taxa de desemprego l\u00edquida (dl) maior que zero, os quatro per\u00edodos s\u00e3o constantes, mas a Renda do Trabalho (RT) \u00e9 menor que a folha de sal\u00e1rio do sistema W. Isto quer dizer que os desempregados est\u00e3o formando um grupo <strong>nem-nem<\/strong>, nem trabalham no sistema formal capitalista e nem procuram negar a ociosidade atrav\u00e9s do emprego sem carteira ou por uma atividade aut\u00f4noma e formal qualquer.<\/p>\n<p style=\"text-align: justify;\">No terceiro, os quatro \u00faltimos per\u00edodos, a taxa de desemprego l\u00edquida \u00e9 negativa, isso quer dizer que os desempregados est\u00e3o negando a condi\u00e7\u00e3o de desempregado e est\u00e3o indo \u00e0 luta. A quest\u00e3o \u00e9 de forma legal e formal ou na forma sem carteira? Sem prote\u00e7\u00e3o nenhuma do estado: sem previd\u00eancia. De qualquer forma, o crescimento da renda do trabalho se d\u00e1 de forma integrada e dependente da folha de trabalho formal capitalista, da taxa de desemprego bruta.<\/p>\n<p style=\"text-align: justify;\">Se a folha cair por qualquer efeito, seja politico, tecnol\u00f3gico ou pura crise econ\u00f4mica passageira, a renda do trabalho tende a cair. Por \u00faltimo, vale a pergunta: Qual tem sido a trajet\u00f3ria da renda do trabalho brasileira nos \u00faltimos vinte anos?<\/p>\n<p style=\"text-align: justify;\">Carlos Magno, Economista e Escritor.<\/p>\n<p>&nbsp;<\/p>\n","protected":false},"excerpt":{"rendered":"<p>O mercado de trabalho brasileiro, segundo Folha de S\u00e3o Paulo de 30.12.2017, contava em set-out-nov de 2017 com 36% de trabalhadores com carteira assinada, 25% de trabalhadores sem carteira assinada e 12% por conta pr\u00f3pria, tudo em rela\u00e7\u00e3o \u00e0 PEA.<\/p>\n<p><a class=\"more-link\" href=\"https:\/\/cofecon.org.br\/cofecon\/?p=3820\">Leia Mais<\/a><\/p>\n","protected":false},"author":1,"featured_media":3821,"comment_status":"open","ping_status":"open","sticky":false,"template":"","format":"standard","meta":{"footnotes":""},"categories":[6],"tags":[],"class_list":["post-3820","post","type-post","status-publish","format-standard","has-post-thumbnail","hentry","category-artigo"],"_links":{"self":[{"href":"https:\/\/cofecon.org.br\/cofecon\/index.php?rest_route=\/wp\/v2\/posts\/3820"}],"collection":[{"href":"https:\/\/cofecon.org.br\/cofecon\/index.php?rest_route=\/wp\/v2\/posts"}],"about":[{"href":"https:\/\/cofecon.org.br\/cofecon\/index.php?rest_route=\/wp\/v2\/types\/post"}],"author":[{"embeddable":true,"href":"https:\/\/cofecon.org.br\/cofecon\/index.php?rest_route=\/wp\/v2\/users\/1"}],"replies":[{"embeddable":true,"href":"https:\/\/cofecon.org.br\/cofecon\/index.php?rest_route=%2Fwp%2Fv2%2Fcomments&post=3820"}],"version-history":[{"count":0,"href":"https:\/\/cofecon.org.br\/cofecon\/index.php?rest_route=\/wp\/v2\/posts\/3820\/revisions"}],"wp:featuredmedia":[{"embeddable":true,"href":"https:\/\/cofecon.org.br\/cofecon\/index.php?rest_route=\/wp\/v2\/media\/3821"}],"wp:attachment":[{"href":"https:\/\/cofecon.org.br\/cofecon\/index.php?rest_route=%2Fwp%2Fv2%2Fmedia&parent=3820"}],"wp:term":[{"taxonomy":"category","embeddable":true,"href":"https:\/\/cofecon.org.br\/cofecon\/index.php?rest_route=%2Fwp%2Fv2%2Fcategories&post=3820"},{"taxonomy":"post_tag","embeddable":true,"href":"https:\/\/cofecon.org.br\/cofecon\/index.php?rest_route=%2Fwp%2Fv2%2Ftags&post=3820"}],"curies":[{"name":"wp","href":"https:\/\/api.w.org\/{rel}","templated":true}]}}