{"id":3607,"date":"2017-12-21T10:31:08","date_gmt":"2017-12-21T12:31:08","guid":{"rendered":"http:\/\/www.cofecon.org.br\/?p=3607"},"modified":"2017-12-21T10:31:08","modified_gmt":"2017-12-21T12:31:08","slug":"artigo-bom-pra-quem","status":"publish","type":"post","link":"https:\/\/cofecon.org.br\/cofecon\/?p=3607","title":{"rendered":"Artigo &#8211; Bom pra quem?"},"content":{"rendered":"<p style=\"text-align: justify;\">Os analistas do mercado financeiro andam comemorando a previs\u00e3o de crescimento do PIB brasileiro em 1% este ano e entre 1,5% e 3% em 2018. H\u00e1, de fato, raz\u00e3o para comemora\u00e7\u00f5es? Analisando-se a situa\u00e7\u00e3o do ponto de vista estritamente econ\u00f4mico, claro que, ap\u00f3s uma crise econ\u00f4mica que derrubou o PIB em 7% por dois anos sucessivos (2015 e 2016), qualquer crescimento \u00e9 positivo. Ocorre que, conforme a chamada Lei de Zarnowitz (economista liberal norte-americano), que ao estudar os ciclos econ\u00f4micos hist\u00f3ricos concluiu que ap\u00f3s as recess\u00f5es profundas seguem fortes retomadas, no formato de \u201cU\u201d ou \u201cV\u201d, tal crescimento mostra-se p\u00edfio.<\/p>\n<p style=\"text-align: justify;\">Mas o problema n\u00e3o reside a\u00ed, e sim no fato de que a retomada do crescimento econ\u00f4mico, mesmo que p\u00edfia, vem acompanhada de uma persistente piora dos indicadores sociais. Dados do IBGE revelam que o n\u00famero de pobres em 2016 alcan\u00e7ou 52,2 milh\u00f5es, nove milh\u00f5es a mais do que em 2014, e este n\u00famero dever\u00e1 continuar aumentando em 2017 e 2018. Em 2017, gra\u00e7as a um mercado de trabalho desaquecido e a uma reforma trabalhista anti-trabalho, cerca de 90% dos novos empregos gerados foram sem carteira de trabalho. Segundo a Organiza\u00e7\u00e3o das Na\u00e7\u00f5es Unidas para a Alimenta\u00e7\u00e3o e a Agricultura (FAO), neste o Brasil voltou a entrar no \u201cMapa da Fome\u201d, condi\u00e7\u00e3o de que havia sa\u00eddo desde 2014.<\/p>\n<p style=\"text-align: justify;\">Para piorar as coisas, o mesmo governo Mi<em>shell<\/em> Temer, que escancara as riquezas de nosso pr\u00e9-sal para as transnacionais, estuda acabar com a atual regra de corre\u00e7\u00e3o do Sal\u00e1rio M\u00ednimo, instituindo seu virtual congelamento. Ora, o valor do Sal\u00e1rio M\u00ednimo (R$ 937,00), mesmo tendo dobrado em termos reais nos governos Lula e Dilma, \u00e9 ainda miser\u00e1vel. Segundo o Dieese, deveria ser de R$ 3.731,00 para sustentar com dignidade uma fam\u00edlia com 4 pessoas. Bem disse Emanoel Ara\u00fajo, diretor do museu Afro Brasil: \u201ccomo ter cidadania com um sal\u00e1rio de 900 reais?\u201d.<\/p>\n<p><strong>J\u00falio Miragaya &#8211; Presidente do Conselho Federal de Economia<\/strong><\/p>\n","protected":false},"excerpt":{"rendered":"<p>Os analistas do mercado financeiro andam comemorando a previs\u00e3o de crescimento do PIB brasileiro em 1% este ano e entre 1,5% e 3% em 2018. H\u00e1, de fato, raz\u00e3o para comemora\u00e7\u00f5es? Analisando-se a situa\u00e7\u00e3o do ponto de vista estritamente econ\u00f4mico,<\/p>\n<p><a class=\"more-link\" href=\"https:\/\/cofecon.org.br\/cofecon\/?p=3607\">Leia Mais<\/a><\/p>\n","protected":false},"author":1,"featured_media":3608,"comment_status":"open","ping_status":"open","sticky":false,"template":"","format":"standard","meta":{"footnotes":""},"categories":[6],"tags":[],"class_list":["post-3607","post","type-post","status-publish","format-standard","has-post-thumbnail","hentry","category-artigo"],"_links":{"self":[{"href":"https:\/\/cofecon.org.br\/cofecon\/index.php?rest_route=\/wp\/v2\/posts\/3607"}],"collection":[{"href":"https:\/\/cofecon.org.br\/cofecon\/index.php?rest_route=\/wp\/v2\/posts"}],"about":[{"href":"https:\/\/cofecon.org.br\/cofecon\/index.php?rest_route=\/wp\/v2\/types\/post"}],"author":[{"embeddable":true,"href":"https:\/\/cofecon.org.br\/cofecon\/index.php?rest_route=\/wp\/v2\/users\/1"}],"replies":[{"embeddable":true,"href":"https:\/\/cofecon.org.br\/cofecon\/index.php?rest_route=%2Fwp%2Fv2%2Fcomments&post=3607"}],"version-history":[{"count":0,"href":"https:\/\/cofecon.org.br\/cofecon\/index.php?rest_route=\/wp\/v2\/posts\/3607\/revisions"}],"wp:featuredmedia":[{"embeddable":true,"href":"https:\/\/cofecon.org.br\/cofecon\/index.php?rest_route=\/wp\/v2\/media\/3608"}],"wp:attachment":[{"href":"https:\/\/cofecon.org.br\/cofecon\/index.php?rest_route=%2Fwp%2Fv2%2Fmedia&parent=3607"}],"wp:term":[{"taxonomy":"category","embeddable":true,"href":"https:\/\/cofecon.org.br\/cofecon\/index.php?rest_route=%2Fwp%2Fv2%2Fcategories&post=3607"},{"taxonomy":"post_tag","embeddable":true,"href":"https:\/\/cofecon.org.br\/cofecon\/index.php?rest_route=%2Fwp%2Fv2%2Ftags&post=3607"}],"curies":[{"name":"wp","href":"https:\/\/api.w.org\/{rel}","templated":true}]}}