{"id":3601,"date":"2017-12-20T12:23:20","date_gmt":"2017-12-20T14:23:20","guid":{"rendered":"http:\/\/www.cofecon.org.br\/?p=3601"},"modified":"2017-12-20T12:23:20","modified_gmt":"2017-12-20T14:23:20","slug":"corecon-ms-recebeu-espaco-cedido-pela-spu","status":"publish","type":"post","link":"https:\/\/cofecon.org.br\/cofecon\/?p=3601","title":{"rendered":"Corecon-MS recebeu espa\u00e7o cedido pela SPU"},"content":{"rendered":"<p style=\"text-align: justify;\"><img loading=\"lazy\" decoding=\"async\" class=\"size-full wp-image-3603 alignleft\" src=\"http:\/\/cofecon.org.br\/cofecon\/wp-content\/uploads\/2017\/12\/nova-sede-coreconmt4_site-1.jpg\" alt=\"\" width=\"177\" height=\"296\" \/>O Conselho Regional de Economia do Mato Grosso do Sul (Corecon-MS) recebeu da Superintend\u00eancia de Patrim\u00f4nio da Uni\u00e3o (SPU) o im\u00f3vel que abrigar\u00e1 a nova sede do Corecon. A entrega foi feita no dia 19 de dezembro, ap\u00f3s dois anos de tratativas. A inaugura\u00e7\u00e3o do espa\u00e7o, localizado na Avenida Afonso Pena, em Campo Grande, est\u00e1 prevista para ocorrer no dia 11 de mar\u00e7o, data em que \u00e9 comemorado o anivers\u00e1rio do Corecon-MS.<\/p>\n<p style=\"text-align: justify;\">Na vis\u00e3o do presidente do Corecon-MS, Thales de Souza Campos, a conquista representa ganhos econ\u00f4mico-financeiros para o Regional, j\u00e1 que os custos de aluguel eram altos. \u201cPor conta dos reajustes, j\u00e1 hav\u00edamos trocado de im\u00f3vel quatro vezes e provavelmente ir\u00edamos mudar no ano que vem novamente\u201d, observou. \u00a0<\/p>\n<p style=\"text-align: justify;\">Estiveram presentes na cerim\u00f4nia de recebimento do espa\u00e7o, al\u00e9m do presidente do Corecon-MS, o conselheiro federal Paulo Ponzini; o superintendente da SPU no Mato Grosso do Sul, M\u00e1rio S\u00e9rgio Silva; o diretor de Opera\u00e7\u00f5es do Sebrae-MT, <em>Tito Estanqueiro; o senador Pedro Chaves dos Santos (PSC-MS) e o <\/em>diretor da SPU\/MS, <em>Carlos Pussoli<\/em>. Tamb\u00e9m estava presente o economista Maur\u00edcio Ferreira, chefe de gabinete do senador Pedro Chaves dos Santos.<\/p>\n","protected":false},"excerpt":{"rendered":"<p>O Conselho Regional de Economia do Mato Grosso do Sul (Corecon-MS) recebeu da Superintend\u00eancia de Patrim\u00f4nio da Uni\u00e3o (SPU) o im\u00f3vel que abrigar\u00e1 a nova sede do Corecon. A entrega foi feita no dia 19 de dezembro, ap\u00f3s dois anos<\/p>\n<p><a class=\"more-link\" href=\"https:\/\/cofecon.org.br\/cofecon\/?p=3601\">Leia Mais<\/a><\/p>\n","protected":false},"author":1,"featured_media":3604,"comment_status":"open","ping_status":"open","sticky":false,"template":"","format":"standard","meta":{"footnotes":""},"categories":[2],"tags":[],"class_list":["post-3601","post","type-post","status-publish","format-standard","has-post-thumbnail","hentry","category-noticias"],"_links":{"self":[{"href":"https:\/\/cofecon.org.br\/cofecon\/index.php?rest_route=\/wp\/v2\/posts\/3601"}],"collection":[{"href":"https:\/\/cofecon.org.br\/cofecon\/index.php?rest_route=\/wp\/v2\/posts"}],"about":[{"href":"https:\/\/cofecon.org.br\/cofecon\/index.php?rest_route=\/wp\/v2\/types\/post"}],"author":[{"embeddable":true,"href":"https:\/\/cofecon.org.br\/cofecon\/index.php?rest_route=\/wp\/v2\/users\/1"}],"replies":[{"embeddable":true,"href":"https:\/\/cofecon.org.br\/cofecon\/index.php?rest_route=%2Fwp%2Fv2%2Fcomments&post=3601"}],"version-history":[{"count":0,"href":"https:\/\/cofecon.org.br\/cofecon\/index.php?rest_route=\/wp\/v2\/posts\/3601\/revisions"}],"wp:featuredmedia":[{"embeddable":true,"href":"https:\/\/cofecon.org.br\/cofecon\/index.php?rest_route=\/wp\/v2\/media\/3604"}],"wp:attachment":[{"href":"https:\/\/cofecon.org.br\/cofecon\/index.php?rest_route=%2Fwp%2Fv2%2Fmedia&parent=3601"}],"wp:term":[{"taxonomy":"category","embeddable":true,"href":"https:\/\/cofecon.org.br\/cofecon\/index.php?rest_route=%2Fwp%2Fv2%2Fcategories&post=3601"},{"taxonomy":"post_tag","embeddable":true,"href":"https:\/\/cofecon.org.br\/cofecon\/index.php?rest_route=%2Fwp%2Fv2%2Ftags&post=3601"}],"curies":[{"name":"wp","href":"https:\/\/api.w.org\/{rel}","templated":true}]}}