{"id":3593,"date":"2017-12-14T15:29:35","date_gmt":"2017-12-14T17:29:35","guid":{"rendered":"http:\/\/www.cofecon.org.br\/?p=3593"},"modified":"2017-12-14T15:29:35","modified_gmt":"2017-12-14T17:29:35","slug":"corecon-rn-consegue-retificacao-de-concurso-para-perito-criminal","status":"publish","type":"post","link":"https:\/\/cofecon.org.br\/cofecon\/?p=3593","title":{"rendered":"Corecon-RN consegue retifica\u00e7\u00e3o em edital de concurso para perito criminal"},"content":{"rendered":"<p style=\"text-align: justify;\"><img loading=\"lazy\" decoding=\"async\" class=\"size-full wp-image-3596 alignleft\" src=\"http:\/\/cofecon.org.br\/cofecon\/wp-content\/uploads\/2017\/12\/perito.jpg\" alt=\"\" width=\"350\" height=\"250\" srcset=\"https:\/\/cofecon.org.br\/cofecon\/wp-content\/uploads\/2017\/12\/perito.jpg 350w, https:\/\/cofecon.org.br\/cofecon\/wp-content\/uploads\/2017\/12\/perito-300x214.jpg 300w\" sizes=\"(max-width: 350px) 100vw, 350px\" \/><\/p>\n<p style=\"text-align: justify;\">O Conselho Regional de Economia do Rio Grande do Norte (Corecon-RN) comemora a retifica\u00e7\u00e3o do edital de concurso p\u00fablico n\u00ba 003\/2017 \u2013 SEARH\/SESED para provimento de vagas existentes, sob regime estatut\u00e1rio, no quadro de servidores do Instituto T\u00e9cnico-Cient\u00edfico de Per\u00edcia do Rio Grande do Norte \u2013 ITEP. O certame previa a contrata\u00e7\u00e3o de peritos criminais formados em Ci\u00eancias Cont\u00e1beis, excluindo os profissionais graduados em Ci\u00eancias Econ\u00f4micas.<\/p>\n<p style=\"text-align: justify;\">Ap\u00f3s recurso administrativo impetrado pelo Corecon-RN, o ANEXO I \u2013 DOS REQUISITOS E ATRIBUI\u00c7\u00d5ES DOS CARGOS do EDITAL DE ABERTURA DO CONCURSO P\u00daBLICO N\u00ba 003\/2017, que trazia o Cargo 401.1: Perito Criminal &#8211; Ci\u00eancias Cont\u00e1beis, passou a conter a seguinte reda\u00e7\u00e3o: CARGO 401.1: Perito Criminal &#8211; Ci\u00eancias Cont\u00e1beis. Requisitos: Superior Completo Espec\u00edfico ou Superior Completo em Economia.<\/p>\n<p>As inscri\u00e7\u00f5es para o concurso do ITEP est\u00e3o abertas at\u00e9 o dia 19 de dezembro e devem ser feitas pelo site <a href=\"http:\/\/www.institutoaocp.org.br\">www.institutoaocp.org.br<\/a>. <a href=\"http:\/\/cofecon.org.br\/cofecon\/wp-content\/uploads\/2017\/12\/Processo_Concurso.pdf\">Clique AQUI para conferir o edital retificado.<\/a><\/p>\n","protected":false},"excerpt":{"rendered":"<p>O Conselho Regional de Economia do Rio Grande do Norte (Corecon-RN) comemora a retifica\u00e7\u00e3o do edital de concurso p\u00fablico n\u00ba 003\/2017 \u2013 SEARH\/SESED para provimento de vagas existentes, sob regime estatut\u00e1rio, no quadro de servidores do Instituto T\u00e9cnico-Cient\u00edfico de Per\u00edcia<\/p>\n<p><a class=\"more-link\" href=\"https:\/\/cofecon.org.br\/cofecon\/?p=3593\">Leia Mais<\/a><\/p>\n","protected":false},"author":1,"featured_media":3596,"comment_status":"open","ping_status":"open","sticky":false,"template":"","format":"standard","meta":{"footnotes":""},"categories":[2],"tags":[],"class_list":["post-3593","post","type-post","status-publish","format-standard","has-post-thumbnail","hentry","category-noticias"],"_links":{"self":[{"href":"https:\/\/cofecon.org.br\/cofecon\/index.php?rest_route=\/wp\/v2\/posts\/3593"}],"collection":[{"href":"https:\/\/cofecon.org.br\/cofecon\/index.php?rest_route=\/wp\/v2\/posts"}],"about":[{"href":"https:\/\/cofecon.org.br\/cofecon\/index.php?rest_route=\/wp\/v2\/types\/post"}],"author":[{"embeddable":true,"href":"https:\/\/cofecon.org.br\/cofecon\/index.php?rest_route=\/wp\/v2\/users\/1"}],"replies":[{"embeddable":true,"href":"https:\/\/cofecon.org.br\/cofecon\/index.php?rest_route=%2Fwp%2Fv2%2Fcomments&post=3593"}],"version-history":[{"count":0,"href":"https:\/\/cofecon.org.br\/cofecon\/index.php?rest_route=\/wp\/v2\/posts\/3593\/revisions"}],"wp:featuredmedia":[{"embeddable":true,"href":"https:\/\/cofecon.org.br\/cofecon\/index.php?rest_route=\/wp\/v2\/media\/3596"}],"wp:attachment":[{"href":"https:\/\/cofecon.org.br\/cofecon\/index.php?rest_route=%2Fwp%2Fv2%2Fmedia&parent=3593"}],"wp:term":[{"taxonomy":"category","embeddable":true,"href":"https:\/\/cofecon.org.br\/cofecon\/index.php?rest_route=%2Fwp%2Fv2%2Fcategories&post=3593"},{"taxonomy":"post_tag","embeddable":true,"href":"https:\/\/cofecon.org.br\/cofecon\/index.php?rest_route=%2Fwp%2Fv2%2Ftags&post=3593"}],"curies":[{"name":"wp","href":"https:\/\/api.w.org\/{rel}","templated":true}]}}