{"id":3581,"date":"2017-12-13T15:28:33","date_gmt":"2017-12-13T17:28:33","guid":{"rendered":"http:\/\/www.cofecon.org.br\/?p=3581"},"modified":"2017-12-13T15:28:33","modified_gmt":"2017-12-13T17:28:33","slug":"conselheiro-do-cofecon-participou-de-seminario-promovido-pela-fiocruz-pe","status":"publish","type":"post","link":"https:\/\/cofecon.org.br\/cofecon\/?p=3581","title":{"rendered":"Conselheiro do Cofecon participou de semin\u00e1rio promovido pela Fiocruz-PE"},"content":{"rendered":"<p style=\"text-align: justify;\"><span style=\"font-size: 10.0pt; font-family: 'Verdana',sans-serif;\"><img loading=\"lazy\" decoding=\"async\" class=\"size-full wp-image-3584 alignleft\" src=\"http:\/\/cofecon.org.br\/cofecon\/wp-content\/uploads\/2017\/12\/Fiocruz_aquino.jpg\" alt=\"\" width=\"350\" height=\"250\" srcset=\"https:\/\/cofecon.org.br\/cofecon\/wp-content\/uploads\/2017\/12\/Fiocruz_aquino.jpg 350w, https:\/\/cofecon.org.br\/cofecon\/wp-content\/uploads\/2017\/12\/Fiocruz_aquino-300x214.jpg 300w\" sizes=\"(max-width: 350px) 100vw, 350px\" \/>O conselheiro federal Fernando Aquino participou, no dia 12 de dezembro, do 3\u00ba Semin\u00e1rio de Economia Pol\u00edtica da Sa\u00fade, realizado no audit\u00f3rio da Fiocruz Pernambuco. O tema central do evento foi \u201cEsquema Financeiro e Sistema da D\u00edvida P\u00fablica no Brasil\u201d e Fernando Aquino participou da mesa sobre D\u00edvida P\u00fablica e Sistema Financeiro, ao lado da representante da Procuradoria-Geral da Fazenda Nacional Adriana Albuquerque.<\/span><\/p>\n<p style=\"text-align: justify;\"><span style=\"font-size: 10.0pt; font-family: 'Verdana',sans-serif;\">\u00c0 tarde continuou a discuss\u00e3o da mesa iniciada pela manh\u00e3, com a participa\u00e7\u00e3o de Rodrigo \u00c1vila, da Associa\u00e7\u00e3o Auditoria Cidad\u00e3, e de Grazielle David, do Instituto de Estudos Socioecon\u00f4micos (Inesc). Eles abordaram o assunto debatendo o rigor fiscal.<\/span><\/p>\n<p style=\"text-align: justify;\"><span style=\"font-size: 10.0pt; font-family: 'Verdana',sans-serif;\">O evento, aberto ao p\u00fablico, foi uma iniciativa da disciplina <em><span style=\"font-family: 'Verdana',sans-serif;\">Fundamentos da Economia da Sa\u00fade<\/span><\/em>, que faz parte do Programa de P\u00f3s-Gradua\u00e7\u00e3o em Sa\u00fade P\u00fablica da Fiocruz PE, do Programa de P\u00f3s-gradua\u00e7\u00e3o em Sa\u00fade Coletiva da Universidade Federal de Pernambuco e do Grupo de Economia Pol\u00edtica da Sa\u00fade. A Associa\u00e7\u00e3o Brasileira da Economia da Sa\u00fade (Abres) e o Grupo de Pesquisa Governan\u00e7a em Servi\u00e7os de Sa\u00fade apoiaram a realiza\u00e7\u00e3o do semin\u00e1rio.<\/span><\/p>\n","protected":false},"excerpt":{"rendered":"<p>O conselheiro federal Fernando Aquino participou, no dia 12 de dezembro, do 3\u00ba Semin\u00e1rio de Economia Pol\u00edtica da Sa\u00fade, realizado no audit\u00f3rio da Fiocruz Pernambuco. O tema central do evento foi \u201cEsquema Financeiro e Sistema da D\u00edvida P\u00fablica no Brasil\u201d<\/p>\n<p><a class=\"more-link\" href=\"https:\/\/cofecon.org.br\/cofecon\/?p=3581\">Leia Mais<\/a><\/p>\n","protected":false},"author":1,"featured_media":3584,"comment_status":"open","ping_status":"open","sticky":false,"template":"","format":"standard","meta":{"footnotes":""},"categories":[2],"tags":[],"class_list":["post-3581","post","type-post","status-publish","format-standard","has-post-thumbnail","hentry","category-noticias"],"_links":{"self":[{"href":"https:\/\/cofecon.org.br\/cofecon\/index.php?rest_route=\/wp\/v2\/posts\/3581"}],"collection":[{"href":"https:\/\/cofecon.org.br\/cofecon\/index.php?rest_route=\/wp\/v2\/posts"}],"about":[{"href":"https:\/\/cofecon.org.br\/cofecon\/index.php?rest_route=\/wp\/v2\/types\/post"}],"author":[{"embeddable":true,"href":"https:\/\/cofecon.org.br\/cofecon\/index.php?rest_route=\/wp\/v2\/users\/1"}],"replies":[{"embeddable":true,"href":"https:\/\/cofecon.org.br\/cofecon\/index.php?rest_route=%2Fwp%2Fv2%2Fcomments&post=3581"}],"version-history":[{"count":0,"href":"https:\/\/cofecon.org.br\/cofecon\/index.php?rest_route=\/wp\/v2\/posts\/3581\/revisions"}],"wp:featuredmedia":[{"embeddable":true,"href":"https:\/\/cofecon.org.br\/cofecon\/index.php?rest_route=\/wp\/v2\/media\/3584"}],"wp:attachment":[{"href":"https:\/\/cofecon.org.br\/cofecon\/index.php?rest_route=%2Fwp%2Fv2%2Fmedia&parent=3581"}],"wp:term":[{"taxonomy":"category","embeddable":true,"href":"https:\/\/cofecon.org.br\/cofecon\/index.php?rest_route=%2Fwp%2Fv2%2Fcategories&post=3581"},{"taxonomy":"post_tag","embeddable":true,"href":"https:\/\/cofecon.org.br\/cofecon\/index.php?rest_route=%2Fwp%2Fv2%2Ftags&post=3581"}],"curies":[{"name":"wp","href":"https:\/\/api.w.org\/{rel}","templated":true}]}}