{"id":3545,"date":"2017-12-12T19:18:55","date_gmt":"2017-12-12T21:18:55","guid":{"rendered":"http:\/\/www.cofecon.org.br\/?p=3545"},"modified":"2017-12-12T19:18:55","modified_gmt":"2017-12-12T21:18:55","slug":"seminario-sobre-desigualdade-e-modelo-tributario-e-realizado","status":"publish","type":"post","link":"https:\/\/cofecon.org.br\/cofecon\/?p=3545","title":{"rendered":"Semin\u00e1rio sobre desigualdade e modelo tribut\u00e1rio \u00e9 realizado em Bras\u00edlia"},"content":{"rendered":"<p style=\"text-align: justify;\"><span style=\"font-size: 12px; font-family: verdana, geneva, sans-serif;\"><img loading=\"lazy\" decoding=\"async\" class=\"size-medium wp-image-3553 alignleft\" src=\"http:\/\/www.cofecon.org.br\/wp-content\/uploads\/2017\/12\/Seminario-Mesa-abertura-300x214.jpg\" alt=\"\" width=\"300\" height=\"214\" srcset=\"https:\/\/cofecon.org.br\/cofecon\/wp-content\/uploads\/2017\/12\/Seminario-Mesa-abertura-300x214.jpg 300w, https:\/\/cofecon.org.br\/cofecon\/wp-content\/uploads\/2017\/12\/Seminario-Mesa-abertura.jpg 350w\" sizes=\"(max-width: 300px) 100vw, 300px\" \/>O F\u00f3rum Nacional pela Redu\u00e7\u00e3o da Desigualdade Social e o Grupo de Trabalho da Reforma Tribut\u00e1ria realizaram na manh\u00e3 desta ter\u00e7a-feira (12) o semin\u00e1rio Desigualdade Social e Sistema Tribut\u00e1rio. O evento ocorreu no Teatro dos Banc\u00e1rios, em Bras\u00edlia, e contou com a participa\u00e7\u00e3o de especialistas e parlamentares para debater quest\u00f5es relativas ao assunto.<\/span><\/p>\n<p style=\"text-align: justify;\"><span style=\"font-size: 12px; font-family: verdana, geneva, sans-serif;\">A mesa de abertura foi formada por J\u00falio Miragaya, presidente do Conselho Federal de Economia; Charles Alc\u00e2ntara, da Federa\u00e7\u00e3o Nacional do Fisco Estadual (Fenafisco); e C\u00e9sar Roxo Machado, da Associa\u00e7\u00e3o Nacional dos Auditores Fiscais da Receita Federal do Brasil (Anfip). Em sua fala de abertura, Miragaya destacou que \u201co semin\u00e1rio sela o casamento entre o F\u00f3rum e o Grupo de Trabalho, composta por entidades como a Anfip e a Fenafisco\u201d. Afirmou ainda que a proposta de reforma tribut\u00e1ria do governo federal e a emenda constitucional que limita os gastos do governo \u201cest\u00e3o umbilicalmente ligadas e fazem parte de um mesmo projeto\u201d.<\/span><\/p>\n<p style=\"text-align: justify;\"><span style=\"font-size: 12px; font-family: verdana, geneva, sans-serif;\">Charles Alc\u00e2ntara destacou que o ano de 2017 foi dif\u00edcil. \u201cPassamos o ano inteiro entrincheirados defendendo direitos. Lutamos, n\u00e3o para conquistar uma condi\u00e7\u00e3o de vida melhor, mas para manter direitos\u201d. Afirmou tamb\u00e9m que a conjuntura que o pa\u00eds vive \u00e9 fruto de escolhas pol\u00edticas. \u201cEm vez de aplicar em sa\u00fade, educa\u00e7\u00e3o, infraestrutura, em garantir uma inf\u00e2ncia saud\u00e1vel e uma velhice digna, o governo utiliza o fruto dos tributos para engordar o mercado financeiro\u201d.<\/span><\/p>\n<p style=\"text-align: justify;\"><span style=\"font-size: 12px; font-family: verdana, geneva, sans-serif;\">C\u00e9sar Machado iniciou sua fala dizendo que n\u00e3o h\u00e1 nada t\u00e3o ruim para uma sociedade como um sistema tribut\u00e1rio injusto. \u201cTemos uma carga muito aplicada ao consumo, quando deveria ser mais aplicada \u00e0 renda e propriedade\u201d, defendeu. Machado comentou ainda a proposta do deputado Luiz Carlos Hauly, que busca simplificar a tributa\u00e7\u00e3o no pa\u00eds, mas acaba com contribui\u00e7\u00f5es que atendem a Previd\u00eancia.<\/span><\/p>\n<p><span style=\"font-size: 12px; font-family: verdana, geneva, sans-serif;\">Leia sobre as mesas de debate nos links abaixo:<\/span><\/p>\n<p><a href=\"http:\/\/www.cofecon.org.br\/2017\/12\/12\/seminario-mesa-1\"><span style=\"font-size: 12px; font-family: verdana, geneva, sans-serif;\">Mesa 1 \u2013 \u201cDesigualdades no Brasil: mudou?\u201d<\/span><\/a><\/p>\n<p><a href=\"http:\/\/www.cofecon.org.br\/2017\/12\/12\/seminario-mesa-2\"><span style=\"font-size: 12px; font-family: verdana, geneva, sans-serif;\">Mesa 2 &#8211; \u201cO papel da tributa\u00e7\u00e3o na redu\u00e7\u00e3o de desigualdades\u201d<\/span><\/a><\/p>\n<p><a href=\"http:\/\/www.cofecon.org.br\/2017\/12\/12\/seminario-mesa-3\"><span style=\"font-size: 12px; font-family: verdana, geneva, sans-serif;\">Mesa 3 &#8211; \u201cO futuro da reforma tribut\u00e1ria no Congresso\u201d<\/span><\/a><\/p>\n","protected":false},"excerpt":{"rendered":"<p>O F\u00f3rum Nacional pela Redu\u00e7\u00e3o da Desigualdade Social e o Grupo de Trabalho da Reforma Tribut\u00e1ria realizaram na manh\u00e3 desta ter\u00e7a-feira (12) o semin\u00e1rio Desigualdade Social e Sistema Tribut\u00e1rio. O evento ocorreu no Teatro dos Banc\u00e1rios, em Bras\u00edlia, e contou<\/p>\n<p><a class=\"more-link\" href=\"https:\/\/cofecon.org.br\/cofecon\/?p=3545\">Leia Mais<\/a><\/p>\n","protected":false},"author":1,"featured_media":3553,"comment_status":"open","ping_status":"open","sticky":false,"template":"","format":"standard","meta":{"footnotes":""},"categories":[2],"tags":[],"class_list":["post-3545","post","type-post","status-publish","format-standard","has-post-thumbnail","hentry","category-noticias"],"_links":{"self":[{"href":"https:\/\/cofecon.org.br\/cofecon\/index.php?rest_route=\/wp\/v2\/posts\/3545"}],"collection":[{"href":"https:\/\/cofecon.org.br\/cofecon\/index.php?rest_route=\/wp\/v2\/posts"}],"about":[{"href":"https:\/\/cofecon.org.br\/cofecon\/index.php?rest_route=\/wp\/v2\/types\/post"}],"author":[{"embeddable":true,"href":"https:\/\/cofecon.org.br\/cofecon\/index.php?rest_route=\/wp\/v2\/users\/1"}],"replies":[{"embeddable":true,"href":"https:\/\/cofecon.org.br\/cofecon\/index.php?rest_route=%2Fwp%2Fv2%2Fcomments&post=3545"}],"version-history":[{"count":0,"href":"https:\/\/cofecon.org.br\/cofecon\/index.php?rest_route=\/wp\/v2\/posts\/3545\/revisions"}],"wp:featuredmedia":[{"embeddable":true,"href":"https:\/\/cofecon.org.br\/cofecon\/index.php?rest_route=\/wp\/v2\/media\/3553"}],"wp:attachment":[{"href":"https:\/\/cofecon.org.br\/cofecon\/index.php?rest_route=%2Fwp%2Fv2%2Fmedia&parent=3545"}],"wp:term":[{"taxonomy":"category","embeddable":true,"href":"https:\/\/cofecon.org.br\/cofecon\/index.php?rest_route=%2Fwp%2Fv2%2Fcategories&post=3545"},{"taxonomy":"post_tag","embeddable":true,"href":"https:\/\/cofecon.org.br\/cofecon\/index.php?rest_route=%2Fwp%2Fv2%2Ftags&post=3545"}],"curies":[{"name":"wp","href":"https:\/\/api.w.org\/{rel}","templated":true}]}}