{"id":3509,"date":"2017-12-07T15:32:00","date_gmt":"2017-12-07T17:32:00","guid":{"rendered":"http:\/\/www.cofecon.org.br\/?p=3509"},"modified":"2017-12-07T15:32:00","modified_gmt":"2017-12-07T17:32:00","slug":"notas-de-repudio-do-corecon-mg-e-corecon-rj-a-conducao-da-operacao-realizada-pela-policia-federal-hoje-na-ufmg","status":"publish","type":"post","link":"https:\/\/cofecon.org.br\/cofecon\/?p=3509","title":{"rendered":"Notas de rep\u00fadio do Corecon-MG e do Corecon-RJ \u00e0 condu\u00e7\u00e3o da Opera\u00e7\u00e3o realizada pela Pol\u00edcia Federal na UFMG"},"content":{"rendered":"<p style=\"text-align: justify;\"><strong>Nota de rep\u00fadio &#8211; Corecon-MG:<\/strong><\/p>\n<p style=\"text-align: justify;\">O Conselho Regional de Economia de Minas Gerais (CORECON-MG) repudia essa estrat\u00e9gia utilizada pelas for\u00e7as repressivas de detonarem reputa\u00e7\u00f5es e depois apurarem os fatos. Nada justifica a forma como essa opera\u00e7\u00e3o da Pol\u00edcia Federal se deu hoje aqui em Belo Horizonte. N\u00e3o existe nenhuma raz\u00e3o, minimamente plaus\u00edvel, para o ocorrido. Estas estrat\u00e9gias j\u00e1 banalizaram de forma midi\u00e1tica as rotineiras condu\u00e7\u00f5es coercitivas. N\u00e3o podemos aceitar que o pa\u00eds seja tomado por a\u00e7\u00f5es autorit\u00e1rias, que representem a volta do estado de exce\u00e7\u00e3o e amea\u00e7a direta \u00e0 democracia e aos direitos constitucionais, t\u00e3o duramente conquistados.<\/p>\n<p style=\"text-align: justify;\">A maneira como est\u00e1 sendo realizada a opera\u00e7\u00e3o &#8220;Esperan\u00e7a Equilibrista&#8221; tem sido alvo de protestos ao longo do dia em todo o Brasil. O nome escolhido \u00e9 uma clara provoca\u00e7\u00e3o aos setores que defendem os direitos humanos, j\u00e1 que faz alus\u00e3o \u00e0 m\u00fasica &#8220;O B\u00eabado e o Equilibrista&#8221;, de Jo\u00e3o Bosco e Aldir Blanc, famosa por ser entoada por manifestantes contra o torpe golpe militar de 1964.<\/p>\n<p style=\"text-align: justify;\">O projeto do Memorial da Anistia, que \u00e9 alvo da opera\u00e7\u00e3o foi lan\u00e7ado h\u00e1 quase dez anos, numa parceria entre o Minist\u00e9rio da Justi\u00e7a e a UFMG. Coloc\u00e1-lo no foco deste ataque mostra claramente onde a ideologia golpista pretende chegar com suas arbitrariedades. A constru\u00e7\u00e3o do memorial foi aprovada em 2009, portanto \u00e9 anterior \u00e0 atual administra\u00e7\u00e3o da universidade. Vale ressaltar que todas as contas da UFMG foram aprovadas em anos anteriores.<\/p>\n<p style=\"text-align: justify;\">O Conselho Regional de Economia, como entidade que defende a ampla democracia, considera o fato ocorrido hoje como de gravidade extrema e marcante quanto \u00e0 necessidade de uma inflex\u00e3o neste processo de descenso democr\u00e1tico. Defende uma transparente e total apura\u00e7\u00e3o dos fatos, mas repudia a maneira como a Pol\u00edcia Federal atuou. Afinal, roteiros midi\u00e1ticos como os que hoje aconteceram em nossa capital, remetem \u00e0 triste e recente lembran\u00e7a de um fato absolutamente similar ocorrido na UFSC, que culminou com a morte do Reitor Luiz Carlos Cancelier. Ao que parece, este doloroso acontecimento na UFSC, n\u00e3o foi suficiente para aplacar a ira de grupos que usam de seus poderes constitu\u00eddos para atacar os s\u00edmbolos dos direitos humanos, na tentativa de golpear a democracia.<\/p>\n<p style=\"text-align: justify;\">Paulo Roberto Paix\u00e3o Bretas, Presidente do Conselho Regional de Economia<\/p>\n<p>&nbsp;<\/p>\n<p><strong>Nota de rep\u00fadio do Corecon-RJ<\/strong><\/p>\n<p style=\"text-align: justify;\">O Conselho Regional de Economia do Estado do Rio de Janeiro vem a p\u00fablico manifestar seu rep\u00fadio e inconformidade com a a\u00e7\u00e3o realizada pela pol\u00edcia federal na Universidade Federal de Minas Gerais (UFMG) no dia de ontem.<\/p>\n<p style=\"text-align: justify;\">N\u00e3o \u00e9 a primeira vez neste ano que se configura o abuso de autoridade por parte desta institui\u00e7\u00e3o, de ju\u00edzes e do minist\u00e9rio p\u00fablico, desrespeitando os direitos fundamentais de cidad\u00e3os brasileiros. Em passado recente este tipo de espetaculariza\u00e7\u00e3o levou ao suic\u00eddio do Exmo. Reitor da Universidade Federal de Santa Catarina.<\/p>\n<p style=\"text-align: justify;\">Certamente n\u00e3o foi para este tipo de pr\u00e1tica autorit\u00e1ria que os constituintes de 1988 e aqueles encarregados de cumprir as diretrizes da Constitui\u00e7\u00e3o Cidad\u00e3, dedicaram-se a providenciar o aperfei\u00e7oamento destas institui\u00e7\u00f5es.<\/p>\n<p style=\"text-align: justify;\">Certamente, n\u00e3o foi para servir ao arb\u00edtrio, \u00e0 viol\u00eancia gratuita e desnecess\u00e1ria que elas foram fortalecidas durante a redemocratiza\u00e7\u00e3o no Brasil.<\/p>\n<p style=\"text-align: justify;\">Al\u00e9m de repudiar a pr\u00e1tica de conduzir cidad\u00e3os, coercitivamente, ao c\u00e1rcere antes das condena\u00e7\u00f5es transitadas em julgado, cabe \u00e0 sociedade perguntar a servi\u00e7o de quem e para que encontram-se atualmente alguns agentes p\u00fablicos lotados nestas institui\u00e7\u00f5es.<\/p>\n<p style=\"text-align: justify;\">Urge restabelecer o Estado de Direito no Brasil!<\/p>\n<p>Rio de Janeiro, 07 de dezembro de 2017<\/p>\n","protected":false},"excerpt":{"rendered":"<p>Nota de rep\u00fadio &#8211; Corecon-MG: O Conselho Regional de Economia de Minas Gerais (CORECON-MG) repudia essa estrat\u00e9gia utilizada pelas for\u00e7as repressivas de detonarem reputa\u00e7\u00f5es e depois apurarem os fatos. Nada justifica a forma como essa opera\u00e7\u00e3o da Pol\u00edcia Federal se<\/p>\n<p><a class=\"more-link\" href=\"https:\/\/cofecon.org.br\/cofecon\/?p=3509\">Leia Mais<\/a><\/p>\n","protected":false},"author":1,"featured_media":3513,"comment_status":"open","ping_status":"open","sticky":false,"template":"","format":"standard","meta":{"footnotes":""},"categories":[6],"tags":[],"class_list":["post-3509","post","type-post","status-publish","format-standard","has-post-thumbnail","hentry","category-artigo"],"_links":{"self":[{"href":"https:\/\/cofecon.org.br\/cofecon\/index.php?rest_route=\/wp\/v2\/posts\/3509"}],"collection":[{"href":"https:\/\/cofecon.org.br\/cofecon\/index.php?rest_route=\/wp\/v2\/posts"}],"about":[{"href":"https:\/\/cofecon.org.br\/cofecon\/index.php?rest_route=\/wp\/v2\/types\/post"}],"author":[{"embeddable":true,"href":"https:\/\/cofecon.org.br\/cofecon\/index.php?rest_route=\/wp\/v2\/users\/1"}],"replies":[{"embeddable":true,"href":"https:\/\/cofecon.org.br\/cofecon\/index.php?rest_route=%2Fwp%2Fv2%2Fcomments&post=3509"}],"version-history":[{"count":0,"href":"https:\/\/cofecon.org.br\/cofecon\/index.php?rest_route=\/wp\/v2\/posts\/3509\/revisions"}],"wp:featuredmedia":[{"embeddable":true,"href":"https:\/\/cofecon.org.br\/cofecon\/index.php?rest_route=\/wp\/v2\/media\/3513"}],"wp:attachment":[{"href":"https:\/\/cofecon.org.br\/cofecon\/index.php?rest_route=%2Fwp%2Fv2%2Fmedia&parent=3509"}],"wp:term":[{"taxonomy":"category","embeddable":true,"href":"https:\/\/cofecon.org.br\/cofecon\/index.php?rest_route=%2Fwp%2Fv2%2Fcategories&post=3509"},{"taxonomy":"post_tag","embeddable":true,"href":"https:\/\/cofecon.org.br\/cofecon\/index.php?rest_route=%2Fwp%2Fv2%2Ftags&post=3509"}],"curies":[{"name":"wp","href":"https:\/\/api.w.org\/{rel}","templated":true}]}}