{"id":3488,"date":"2017-12-07T11:00:49","date_gmt":"2017-12-07T13:00:49","guid":{"rendered":"http:\/\/www.cofecon.org.br\/?p=3488"},"modified":"2017-12-07T11:00:49","modified_gmt":"2017-12-07T13:00:49","slug":"artigo-trabalho-precarizado","status":"publish","type":"post","link":"https:\/\/cofecon.org.br\/cofecon\/?p=3488","title":{"rendered":"Artigo &#8211; Trabalho precarizado"},"content":{"rendered":"<p style=\"text-align: justify;\">Os dados recentemente divulgados pelo IBGE referentes \u00e0 Pesquisa Nacional por Amostras de Domic\u00edlios (Pnad Cont\u00ednua) revelam o que j\u00e1 era de se esperar: um processo de precariza\u00e7\u00e3o das rela\u00e7\u00f5es de trabalho no Brasil.<\/p>\n<p style=\"text-align: justify;\">O governo Temer comemora os dados da Pnad, afirmando que de janeiro a abril de 2017 foram criados 2,27 milh\u00f5es de empregos no Pa\u00eds. De fato, foram criados 511 mil novos empregos no setor p\u00fablico (notadamente em prefeituras) e 1.760 mil no setor privado, mas omite que, desse total, somente 17 mil foram com carteira assinada, ou seja, m\u00edsero 1%. Nada menos que 99% foram empregos sem carteira (721 mil); aut\u00f4nomos, biscateiros (676 mil); empregos dom\u00e9sticos, que voltaram a crescer (159 mil); e empregadores &#8211; via de regra, assalariados demitidos que viraram microempres\u00e1rios (187 mil).<\/p>\n<p style=\"text-align: justify;\">O que aconteceu no mercado de trabalho brasileiro nesses dez meses foi a antecipa\u00e7\u00e3o das mudan\u00e7as profundas ocorridas em nossa legisla\u00e7\u00e3o do trabalho, com a aprova\u00e7\u00e3o da Reforma Trabalhista e da Lei de Terceiriza\u00e7\u00e3o por um Congresso Nacional para l\u00e1 de suspeito. \u00c9 inevit\u00e1vel, portanto, que ocorra o processo de cont\u00ednua precariza\u00e7\u00e3o no mundo do trabalho, com reflexos no n\u00edvel de rendimento dos trabalhadores assim como na receita previdenci\u00e1ria, que vai sangrar ainda mais.<\/p>\n<p style=\"text-align: justify;\">N\u00e3o por acaso, fruto da crise econ\u00f4mica e da agenda liberal em curso, a Pnad de 2016 apontou que houve revers\u00e3o na distribui\u00e7\u00e3o da renda, retornando o processo de concentra\u00e7\u00e3o nas m\u00e3os dos 10% mais ricos e, especialmente, do 1% no v\u00e9rtice da pir\u00e2mide social.<\/p>\n<p style=\"text-align: justify;\">A agenda econ\u00f4mica de Temer imposta ao Pa\u00eds \u00e9 a do capital financeiro, de organismos como o FMI e o BIRD, e das ag\u00eancias de classifica\u00e7\u00e3o de risco. A expectativa \u00e9 de que o povo possa corrigir os rumos do Pa\u00eds, elegendo em 2018 governantes e congressistas que n\u00e3o se subordinem aos ditames do capital financeiro.<\/p>\n<p><strong>J\u00falio Miragaya &#8211; Presidente do Conselho Federal de Economia<\/strong><\/p>\n","protected":false},"excerpt":{"rendered":"<p>Os dados recentemente divulgados pelo IBGE referentes \u00e0 Pesquisa Nacional por Amostras de Domic\u00edlios (Pnad Cont\u00ednua) revelam o que j\u00e1 era de se esperar: um processo de precariza\u00e7\u00e3o das rela\u00e7\u00f5es de trabalho no Brasil. O governo Temer comemora os dados<\/p>\n<p><a class=\"more-link\" href=\"https:\/\/cofecon.org.br\/cofecon\/?p=3488\">Leia Mais<\/a><\/p>\n","protected":false},"author":1,"featured_media":3490,"comment_status":"open","ping_status":"open","sticky":false,"template":"","format":"standard","meta":{"footnotes":""},"categories":[6],"tags":[],"class_list":["post-3488","post","type-post","status-publish","format-standard","has-post-thumbnail","hentry","category-artigo"],"_links":{"self":[{"href":"https:\/\/cofecon.org.br\/cofecon\/index.php?rest_route=\/wp\/v2\/posts\/3488"}],"collection":[{"href":"https:\/\/cofecon.org.br\/cofecon\/index.php?rest_route=\/wp\/v2\/posts"}],"about":[{"href":"https:\/\/cofecon.org.br\/cofecon\/index.php?rest_route=\/wp\/v2\/types\/post"}],"author":[{"embeddable":true,"href":"https:\/\/cofecon.org.br\/cofecon\/index.php?rest_route=\/wp\/v2\/users\/1"}],"replies":[{"embeddable":true,"href":"https:\/\/cofecon.org.br\/cofecon\/index.php?rest_route=%2Fwp%2Fv2%2Fcomments&post=3488"}],"version-history":[{"count":0,"href":"https:\/\/cofecon.org.br\/cofecon\/index.php?rest_route=\/wp\/v2\/posts\/3488\/revisions"}],"wp:featuredmedia":[{"embeddable":true,"href":"https:\/\/cofecon.org.br\/cofecon\/index.php?rest_route=\/wp\/v2\/media\/3490"}],"wp:attachment":[{"href":"https:\/\/cofecon.org.br\/cofecon\/index.php?rest_route=%2Fwp%2Fv2%2Fmedia&parent=3488"}],"wp:term":[{"taxonomy":"category","embeddable":true,"href":"https:\/\/cofecon.org.br\/cofecon\/index.php?rest_route=%2Fwp%2Fv2%2Fcategories&post=3488"},{"taxonomy":"post_tag","embeddable":true,"href":"https:\/\/cofecon.org.br\/cofecon\/index.php?rest_route=%2Fwp%2Fv2%2Ftags&post=3488"}],"curies":[{"name":"wp","href":"https:\/\/api.w.org\/{rel}","templated":true}]}}