{"id":3484,"date":"2017-12-06T16:28:27","date_gmt":"2017-12-06T18:28:27","guid":{"rendered":"http:\/\/www.cofecon.org.br\/?p=3484"},"modified":"2017-12-06T16:28:27","modified_gmt":"2017-12-06T18:28:27","slug":"corecon-al-premiou-estudantes-e-homenageou-economistas","status":"publish","type":"post","link":"https:\/\/cofecon.org.br\/cofecon\/?p=3484","title":{"rendered":"Corecon-AL premiou estudantes e homenageou economistas"},"content":{"rendered":"<p style=\"text-align: justify;\"><img loading=\"lazy\" decoding=\"async\" class=\"size-full wp-image-3485 alignleft\" src=\"http:\/\/cofecon.org.br\/cofecon\/wp-content\/uploads\/2017\/12\/evento-alagoas_2_pequena.jpg\" alt=\"\" width=\"350\" height=\"250\" srcset=\"https:\/\/cofecon.org.br\/cofecon\/wp-content\/uploads\/2017\/12\/evento-alagoas_2_pequena.jpg 350w, https:\/\/cofecon.org.br\/cofecon\/wp-content\/uploads\/2017\/12\/evento-alagoas_2_pequena-300x214.jpg 300w\" sizes=\"(max-width: 350px) 100vw, 350px\" \/>O Conselho Regional de Economia de Alagoas (Corecon-AL) e o Sindicato dos Economistas de Alagoas (SINDECON\/AL) promoveram, no dia 5 de dezembro, palestra com Jos\u00e9 Carlos Maranh\u00e3o sobre \u201cA import\u00e2ncia do setor sucroalcooleiro para a economia alagoana\u201d. O evento ocorreu no Macei\u00f3 Mar Hotel e contou com a presen\u00e7a dos presidentes das institui\u00e7\u00f5es, Maur\u00edlio Proc\u00f3pio e Marcos Calheiros, respectivamente. O evento contou com apoio do Conselho Federal de Economia e da Faculdade de Ci\u00eancias Econ\u00f4micas, Administrativas e Cont\u00e1beis (FEAC) da Universidade Federal de Alagoas (UFAL).<\/p>\n<p style=\"text-align: justify;\">Na ocasi\u00e3o, foram entregues as homenagens ao Empres\u00e1rio do Ano, honraria concedida ao economista Luiz Ant\u00f4nio de Melo Jardim, da empresa Casas Jardim; e ao Economista do Ano, conferida a Everaldo de Souza Barbosa. Tamb\u00e9m foram contemplados os vencedores do V Pr\u00eamio de Est\u00edmulo ao Estudante de Economia, cuja grande vencedora foi a estudante Widelyne Maria da Concei\u00e7\u00e3o.<\/p>\n<p>Estiveram presentes na solenidade estudantes, economistas, conselheiros e seus convidados.<\/p>\n<p>&nbsp;<\/p>\n","protected":false},"excerpt":{"rendered":"<p>O Conselho Regional de Economia de Alagoas (Corecon-AL) e o Sindicato dos Economistas de Alagoas (SINDECON\/AL) promoveram, no dia 5 de dezembro, palestra com Jos\u00e9 Carlos Maranh\u00e3o sobre \u201cA import\u00e2ncia do setor sucroalcooleiro para a economia alagoana\u201d. O evento ocorreu<\/p>\n<p><a class=\"more-link\" href=\"https:\/\/cofecon.org.br\/cofecon\/?p=3484\">Leia Mais<\/a><\/p>\n","protected":false},"author":1,"featured_media":3485,"comment_status":"open","ping_status":"open","sticky":false,"template":"","format":"standard","meta":{"footnotes":""},"categories":[2],"tags":[],"class_list":["post-3484","post","type-post","status-publish","format-standard","has-post-thumbnail","hentry","category-noticias"],"_links":{"self":[{"href":"https:\/\/cofecon.org.br\/cofecon\/index.php?rest_route=\/wp\/v2\/posts\/3484"}],"collection":[{"href":"https:\/\/cofecon.org.br\/cofecon\/index.php?rest_route=\/wp\/v2\/posts"}],"about":[{"href":"https:\/\/cofecon.org.br\/cofecon\/index.php?rest_route=\/wp\/v2\/types\/post"}],"author":[{"embeddable":true,"href":"https:\/\/cofecon.org.br\/cofecon\/index.php?rest_route=\/wp\/v2\/users\/1"}],"replies":[{"embeddable":true,"href":"https:\/\/cofecon.org.br\/cofecon\/index.php?rest_route=%2Fwp%2Fv2%2Fcomments&post=3484"}],"version-history":[{"count":0,"href":"https:\/\/cofecon.org.br\/cofecon\/index.php?rest_route=\/wp\/v2\/posts\/3484\/revisions"}],"wp:featuredmedia":[{"embeddable":true,"href":"https:\/\/cofecon.org.br\/cofecon\/index.php?rest_route=\/wp\/v2\/media\/3485"}],"wp:attachment":[{"href":"https:\/\/cofecon.org.br\/cofecon\/index.php?rest_route=%2Fwp%2Fv2%2Fmedia&parent=3484"}],"wp:term":[{"taxonomy":"category","embeddable":true,"href":"https:\/\/cofecon.org.br\/cofecon\/index.php?rest_route=%2Fwp%2Fv2%2Fcategories&post=3484"},{"taxonomy":"post_tag","embeddable":true,"href":"https:\/\/cofecon.org.br\/cofecon\/index.php?rest_route=%2Fwp%2Fv2%2Ftags&post=3484"}],"curies":[{"name":"wp","href":"https:\/\/api.w.org\/{rel}","templated":true}]}}