{"id":3480,"date":"2017-12-06T14:59:23","date_gmt":"2017-12-06T16:59:23","guid":{"rendered":"http:\/\/www.cofecon.org.br\/?p=3480"},"modified":"2017-12-06T14:59:23","modified_gmt":"2017-12-06T16:59:23","slug":"artigo-desigualdade-de-renda-no-brasil-um-assunto-que-merece-ser-mais-bem-estudado","status":"publish","type":"post","link":"https:\/\/cofecon.org.br\/cofecon\/?p=3480","title":{"rendered":"Artigo &#8211; Desigualdade de renda no Brasil: Um assunto que merece ser mais bem estudado"},"content":{"rendered":"<p style=\"text-align: justify;\">Segundo Folha de S\u00e3o Paulo de 6.12.2017, \u201cEm uma escala de zero a cem, em que nos extremos est\u00e3o os mais pobres e os mais ricos do Pa\u00eds, em que posi\u00e7\u00e3o voc\u00ea se colocaria? Nove em cada dez brasileiros (88%) acham que se situam at\u00e9 o ponto 50, ou seja, na metade com renda mais baixa\u201d. A pesquisa foi feita com amostra de 2025 pessoas \u201cpara medir a percep\u00e7\u00e3o sobre a desigualdade do d\u00e9cimo pa\u00eds mais desigual do mundo\u201d.<\/p>\n<p style=\"text-align: justify;\">Acredito que a amostra \u00e9 significativa e a opini\u00e3o dessas pessoas est\u00e1 refletindo de fato o que se passa com a renda da maioria da popula\u00e7\u00e3o brasileira. Cada vez mais a classe m\u00e9dia est\u00e1 se tornando pobre e os pobres cada vez mais candidatos a clientes de programas sociais, extremamente dependentes dos governos. Por que a pesquisa sobre renda no Brasil aponta para conclus\u00f5es contr\u00e1rias? Porque est\u00e1 se partindo de premissas equivocadas. A renda dispon\u00edvel no Brasil \u00e9 a renda dispon\u00edvel verificada na maioria dos pa\u00edses desenvolvidos, ou seja, renda menos impostos.<\/p>\n<p style=\"text-align: justify;\">Para se estudar com isonomia ideol\u00f3gica e pol\u00edtica, a renda dispon\u00edvel brasileira ter\u00e1 de ser calculada levando-se considera\u00e7\u00e3o n\u00e3o apenas a renda menos impostos, mas a renda menos impostos e menos as contribui\u00e7\u00f5es continuadas ao longo da vida \u00fatil do agente econ\u00f4mico, ou seja, incluindo plano de sa\u00fade e o plano previdenci\u00e1rio. Quanto aos planos de sa\u00fade, s\u00e3o 47 milh\u00f5es de brasileiros, contingente maior de contribuintes que o do imposto de renda, em torno de 28 milh\u00f5es.<\/p>\n<p style=\"text-align: justify;\">N\u00e3o se tem os n\u00fameros dos contribuintes de plano previdenci\u00e1rio, isto \u00e9, aqueles que al\u00e9m de contribu\u00edrem para a previd\u00eancia p\u00fablica mant\u00eam um plano previdenci\u00e1rio particular junto ao sistema financeiro. De modo que precisamos de informa\u00e7\u00f5es de qualidade para se inferir sobre desigualdade de renda no Brasil.<\/p>\n<p style=\"text-align: justify;\">Sobre o que \u00e9 classe m\u00e9dia: quais intervalos de renda podem ser considerados como sendo da classe m\u00e9dia? O certo \u00e9 que se o motor da economia no campo da produ\u00e7\u00e3o \u00e9 o investimento, do lado da demanda \u00e9 a classe m\u00e9dia. Sem classe m\u00e9dia a economia perde o sal que a tempera.<\/p>\n<p style=\"text-align: justify;\">A sociedade precisa de hierarquia. Sem hierarquia o quartel n\u00e3o funciona. Sem premiar os melhores agentes econ\u00f4micos em termos de produtividade e trabalho, a produ\u00e7\u00e3o, seja no servi\u00e7o p\u00fablico, seja no setor privado, n\u00e3o rende. Que os mais h\u00e1beis fa\u00e7am parte da classe m\u00e9dia sem qualquer sentimento de culpa.<\/p>\n<p style=\"text-align: justify;\">Carlos Magno, Economista e Escritor.<\/p>\n","protected":false},"excerpt":{"rendered":"<p>Segundo Folha de S\u00e3o Paulo de 6.12.2017, \u201cEm uma escala de zero a cem, em que nos extremos est\u00e3o os mais pobres e os mais ricos do Pa\u00eds, em que posi\u00e7\u00e3o voc\u00ea se colocaria? Nove em cada dez brasileiros (88%)<\/p>\n<p><a class=\"more-link\" href=\"https:\/\/cofecon.org.br\/cofecon\/?p=3480\">Leia Mais<\/a><\/p>\n","protected":false},"author":1,"featured_media":3483,"comment_status":"open","ping_status":"open","sticky":false,"template":"","format":"standard","meta":{"footnotes":""},"categories":[6],"tags":[],"class_list":["post-3480","post","type-post","status-publish","format-standard","has-post-thumbnail","hentry","category-artigo"],"_links":{"self":[{"href":"https:\/\/cofecon.org.br\/cofecon\/index.php?rest_route=\/wp\/v2\/posts\/3480"}],"collection":[{"href":"https:\/\/cofecon.org.br\/cofecon\/index.php?rest_route=\/wp\/v2\/posts"}],"about":[{"href":"https:\/\/cofecon.org.br\/cofecon\/index.php?rest_route=\/wp\/v2\/types\/post"}],"author":[{"embeddable":true,"href":"https:\/\/cofecon.org.br\/cofecon\/index.php?rest_route=\/wp\/v2\/users\/1"}],"replies":[{"embeddable":true,"href":"https:\/\/cofecon.org.br\/cofecon\/index.php?rest_route=%2Fwp%2Fv2%2Fcomments&post=3480"}],"version-history":[{"count":0,"href":"https:\/\/cofecon.org.br\/cofecon\/index.php?rest_route=\/wp\/v2\/posts\/3480\/revisions"}],"wp:featuredmedia":[{"embeddable":true,"href":"https:\/\/cofecon.org.br\/cofecon\/index.php?rest_route=\/wp\/v2\/media\/3483"}],"wp:attachment":[{"href":"https:\/\/cofecon.org.br\/cofecon\/index.php?rest_route=%2Fwp%2Fv2%2Fmedia&parent=3480"}],"wp:term":[{"taxonomy":"category","embeddable":true,"href":"https:\/\/cofecon.org.br\/cofecon\/index.php?rest_route=%2Fwp%2Fv2%2Fcategories&post=3480"},{"taxonomy":"post_tag","embeddable":true,"href":"https:\/\/cofecon.org.br\/cofecon\/index.php?rest_route=%2Fwp%2Fv2%2Ftags&post=3480"}],"curies":[{"name":"wp","href":"https:\/\/api.w.org\/{rel}","templated":true}]}}