{"id":3393,"date":"2017-11-30T10:16:43","date_gmt":"2017-11-30T12:16:43","guid":{"rendered":"http:\/\/www.cofecon.org.br\/?p=3393"},"modified":"2017-11-30T10:16:43","modified_gmt":"2017-11-30T12:16:43","slug":"artigo-df-com-miseria","status":"publish","type":"post","link":"https:\/\/cofecon.org.br\/cofecon\/?p=3393","title":{"rendered":"Artigo &#8211; DF com mis\u00e9ria"},"content":{"rendered":"<p style=\"text-align: justify;\">A edi\u00e7\u00e3o de 22 de novembro do <em>Jornal de Bras\u00edlia <\/em>trouxe uma manchete chocante e dram\u00e1tica: \u201cR$ 85,00 por m\u00eas d\u00e3o sobrevida a 260 mil\u201d. Em s\u00edntese, quase 10% da popula\u00e7\u00e3o da capital da Rep\u00fablica, da mais rica Unidade da Federa\u00e7\u00e3o, vivem (ou sobrevivem) com m\u00edseros R$ 85,00 mensais, cerca de R$ 2,83 por dia.<\/p>\n<p style=\"text-align: justify;\">O caso do menino de Itapo\u00e3 que desmaiou de fome n\u00e3o \u00e9 isolado. Como bem assinala a excelente mat\u00e9ria das jornalistas J\u00e9ssica Antunes e Raphaella Sconetto: \u201cA fome n\u00e3o est\u00e1 sozinha. Ela vem com falta de oportunidade, baixa escolaridade e desemprego. Segundo dados da Codeplan, as mais altas taxas de desocupa\u00e7\u00e3o se concentram nas regi\u00f5es de baixa renda, como Estrutural, Fercal e Itapo\u00e3. Esses locais tamb\u00e9m concentram pobreza e fome\u201d.<\/p>\n<p style=\"text-align: justify;\">Efetivamente, a fome, a habita\u00e7\u00e3o prec\u00e1ria, a falta de saneamento b\u00e1sico, o desemprego ou subemprego, a aus\u00eancia de cobertura previdenci\u00e1ria, o transporte p\u00fablico inacess\u00edvel ou penoso, em suma, a vida miser\u00e1vel, \u00e9 o cotidiano de 65 mil fam\u00edlias em Bras\u00edlia.<\/p>\n<p style=\"text-align: justify;\">Ali\u00e1s, tratamos apenas do quadril\u00e1tero, mas se agregarmos o contingente miser\u00e1vel residente nos munic\u00edpios de nossa periferia e que formam a nossa \u00e1rea metropolitana, este n\u00famero fatalmente saltaria para perto de 500 mil, meio milh\u00e3o de miser\u00e1veis num raio de 70 km da Pra\u00e7a dos Tr\u00eas Poderes.<\/p>\n<p style=\"text-align: justify;\">A mat\u00e9ria lembra que, segundo dados da FAO\/ONU, a fome atinge sete milh\u00f5es de brasileiros; 42 milh\u00f5es de latinoamericanos e 815 milh\u00f5es de pessoas em todo o planeta. Isso mesmo, quase 1 bilh\u00e3o de pessoas passam fome no mundo, que \u00e9 a causa de 11% das mortes registradas.<\/p>\n<p style=\"text-align: justify;\">Mas a fome e a mis\u00e9ria n\u00e3o s\u00e3o naturais, n\u00e3o \u00e9 obra do acaso, elas tem causa e esta \u00e9 a extrema e crescente concentra\u00e7\u00e3o da renda e da riqueza no mundo e no Brasil. No mesmo dia da referida manchete, circulou a not\u00edcia de que a modelo brasileira Alessandra Ambrosio desfilou com um suti\u00e3 avaliado em 2 milh\u00f5es de d\u00f3lares. O que dizer mais?<\/p>\n<p><strong>J\u00falio Miragaya &#8211; Presidente do Conselho Federal de Economia<\/strong><\/p>\n<p>&nbsp;<\/p>\n<p>&nbsp;<\/p>\n","protected":false},"excerpt":{"rendered":"<p>A edi\u00e7\u00e3o de 22 de novembro do Jornal de Bras\u00edlia trouxe uma manchete chocante e dram\u00e1tica: \u201cR$ 85,00 por m\u00eas d\u00e3o sobrevida a 260 mil\u201d. Em s\u00edntese, quase 10% da popula\u00e7\u00e3o da capital da Rep\u00fablica, da mais rica Unidade da<\/p>\n<p><a class=\"more-link\" href=\"https:\/\/cofecon.org.br\/cofecon\/?p=3393\">Leia Mais<\/a><\/p>\n","protected":false},"author":1,"featured_media":3394,"comment_status":"open","ping_status":"open","sticky":false,"template":"","format":"standard","meta":{"footnotes":""},"categories":[6],"tags":[],"class_list":["post-3393","post","type-post","status-publish","format-standard","has-post-thumbnail","hentry","category-artigo"],"_links":{"self":[{"href":"https:\/\/cofecon.org.br\/cofecon\/index.php?rest_route=\/wp\/v2\/posts\/3393"}],"collection":[{"href":"https:\/\/cofecon.org.br\/cofecon\/index.php?rest_route=\/wp\/v2\/posts"}],"about":[{"href":"https:\/\/cofecon.org.br\/cofecon\/index.php?rest_route=\/wp\/v2\/types\/post"}],"author":[{"embeddable":true,"href":"https:\/\/cofecon.org.br\/cofecon\/index.php?rest_route=\/wp\/v2\/users\/1"}],"replies":[{"embeddable":true,"href":"https:\/\/cofecon.org.br\/cofecon\/index.php?rest_route=%2Fwp%2Fv2%2Fcomments&post=3393"}],"version-history":[{"count":0,"href":"https:\/\/cofecon.org.br\/cofecon\/index.php?rest_route=\/wp\/v2\/posts\/3393\/revisions"}],"wp:featuredmedia":[{"embeddable":true,"href":"https:\/\/cofecon.org.br\/cofecon\/index.php?rest_route=\/wp\/v2\/media\/3394"}],"wp:attachment":[{"href":"https:\/\/cofecon.org.br\/cofecon\/index.php?rest_route=%2Fwp%2Fv2%2Fmedia&parent=3393"}],"wp:term":[{"taxonomy":"category","embeddable":true,"href":"https:\/\/cofecon.org.br\/cofecon\/index.php?rest_route=%2Fwp%2Fv2%2Fcategories&post=3393"},{"taxonomy":"post_tag","embeddable":true,"href":"https:\/\/cofecon.org.br\/cofecon\/index.php?rest_route=%2Fwp%2Fv2%2Ftags&post=3393"}],"curies":[{"name":"wp","href":"https:\/\/api.w.org\/{rel}","templated":true}]}}