{"id":3327,"date":"2017-11-23T18:35:05","date_gmt":"2017-11-23T20:35:05","guid":{"rendered":"http:\/\/www.cofecon.org.br\/?p=3327"},"modified":"2017-11-23T18:35:05","modified_gmt":"2017-11-23T20:35:05","slug":"cofecon-e-cfc-reuniram-se-para-tratar-da-legislacao-que-regulamenta-as-profissoes-de-economista-e-contador","status":"publish","type":"post","link":"https:\/\/cofecon.org.br\/cofecon\/?p=3327","title":{"rendered":"Cofecon e CFC reuniram-se para tratar da legisla\u00e7\u00e3o que regulamenta as profiss\u00f5es de economista e contador"},"content":{"rendered":"<p style=\"text-align: justify;\"><img loading=\"lazy\" decoding=\"async\" class=\"size-full wp-image-3338 alignleft\" src=\"http:\/\/cofecon.org.br\/cofecon\/wp-content\/uploads\/2017\/11\/cfc_presidentes.jpg\" alt=\"\" width=\"350\" height=\"250\" srcset=\"https:\/\/cofecon.org.br\/cofecon\/wp-content\/uploads\/2017\/11\/cfc_presidentes.jpg 350w, https:\/\/cofecon.org.br\/cofecon\/wp-content\/uploads\/2017\/11\/cfc_presidentes-300x214.jpg 300w\" sizes=\"(max-width: 350px) 100vw, 350px\" \/>O presidente do Cofecon, J\u00falio Miragaya, e o presidente do Conselho Regional de Economia do Distrito Federal (Corecon-DF), M\u00e1rio S\u00e9rgio Sallorenzo, participaram de reuni\u00e3o na sede do Conselho Federal de Contabilidade (CFC), em Bras\u00edlia, nesta quinta-feira, 23 de novembro, para tratar da legisla\u00e7\u00e3o que regulamenta as profiss\u00f5es de economistas e contadores. Estiveram presentes o presidente do CFC, Jos\u00e9 Martonio Alves Coelho; o vice-presidente t\u00e9cnico do CFC, Zulmir Iv\u00e2nio Breda; o vice-presidente pol\u00edtico institucional do CFC, Joaquim de Alencar Bezerra Filho; e a superintendente do Cofecon, Aline Tales Ferreira.<\/p>\n<p style=\"text-align: justify;\">O Cofecon tem buscado um entendimento com os Conselhos Federais de Contabilidade e Administra\u00e7\u00e3o no sentido de avan\u00e7ar na tramita\u00e7\u00e3o dos projetos de lei das categorias. Para tanto, \u00e9 fundamental que as mat\u00e9rias n\u00e3o sejam conflitantes. No primeiro semestre deste ano, um grupo t\u00e9cnico do Cofecon e do CFA se reuniu para analisar o PLS n\u00ba 658\/2007 e o PLS n\u00ba 439\/2015, que atualizam a legisla\u00e7\u00e3o de ambas as profiss\u00f5es, e discutiram as principais diverg\u00eancias que impedem a aprova\u00e7\u00e3o de ambas mat\u00e9rias no Senado Federal e na C\u00e2mara dos Deputados. \u00a0Ap\u00f3s sucessivos encontros do grupo, houve um acordo sobre o texto final de cada um deles. A ideia \u00e9 que o CFC tamb\u00e9m participe do processo.<\/p>\n<p style=\"text-align: justify;\">Na reuni\u00e3o com o CFC, ficou decidido que a autarquia designar\u00e1 representantes para que tamb\u00e9m participem de reuni\u00f5es t\u00e9cnicas com o CFA e Cofecon afim de analisar os projetos de lei, al\u00e9m da pr\u00f3pria legisla\u00e7\u00e3o dos contadores, verificando o que poderia ser aprimorado em consenso com as duas categorias. A primeira reuni\u00e3o do grupo ser\u00e1 realizada ainda este ano.<\/p>\n<table>\n<tbody>\n<tr>\n<td><img loading=\"lazy\" decoding=\"async\" class=\"alignnone size-full wp-image-3328\" src=\"http:\/\/cofecon.org.br\/cofecon\/wp-content\/uploads\/2017\/11\/CFC.jpg\" alt=\"\" width=\"350\" height=\"250\" srcset=\"https:\/\/cofecon.org.br\/cofecon\/wp-content\/uploads\/2017\/11\/CFC.jpg 350w, https:\/\/cofecon.org.br\/cofecon\/wp-content\/uploads\/2017\/11\/CFC-300x214.jpg 300w\" sizes=\"(max-width: 350px) 100vw, 350px\" \/><\/td>\n<td><img loading=\"lazy\" decoding=\"async\" class=\"alignnone size-full wp-image-3339\" src=\"http:\/\/cofecon.org.br\/cofecon\/wp-content\/uploads\/2017\/11\/reuniao-cfc.jpg\" alt=\"\" width=\"350\" height=\"250\" srcset=\"https:\/\/cofecon.org.br\/cofecon\/wp-content\/uploads\/2017\/11\/reuniao-cfc.jpg 350w, https:\/\/cofecon.org.br\/cofecon\/wp-content\/uploads\/2017\/11\/reuniao-cfc-300x214.jpg 300w\" sizes=\"(max-width: 350px) 100vw, 350px\" \/><\/td>\n<\/tr>\n<\/tbody>\n<\/table>\n","protected":false},"excerpt":{"rendered":"<p>O presidente do Cofecon, J\u00falio Miragaya, e o presidente do Conselho Regional de Economia do Distrito Federal (Corecon-DF), M\u00e1rio S\u00e9rgio Sallorenzo, participaram de reuni\u00e3o na sede do Conselho Federal de Contabilidade (CFC), em Bras\u00edlia, nesta quinta-feira, 23 de novembro, para<\/p>\n<p><a class=\"more-link\" href=\"https:\/\/cofecon.org.br\/cofecon\/?p=3327\">Leia Mais<\/a><\/p>\n","protected":false},"author":1,"featured_media":3338,"comment_status":"open","ping_status":"open","sticky":false,"template":"","format":"standard","meta":{"footnotes":""},"categories":[2],"tags":[],"class_list":["post-3327","post","type-post","status-publish","format-standard","has-post-thumbnail","hentry","category-noticias"],"_links":{"self":[{"href":"https:\/\/cofecon.org.br\/cofecon\/index.php?rest_route=\/wp\/v2\/posts\/3327"}],"collection":[{"href":"https:\/\/cofecon.org.br\/cofecon\/index.php?rest_route=\/wp\/v2\/posts"}],"about":[{"href":"https:\/\/cofecon.org.br\/cofecon\/index.php?rest_route=\/wp\/v2\/types\/post"}],"author":[{"embeddable":true,"href":"https:\/\/cofecon.org.br\/cofecon\/index.php?rest_route=\/wp\/v2\/users\/1"}],"replies":[{"embeddable":true,"href":"https:\/\/cofecon.org.br\/cofecon\/index.php?rest_route=%2Fwp%2Fv2%2Fcomments&post=3327"}],"version-history":[{"count":0,"href":"https:\/\/cofecon.org.br\/cofecon\/index.php?rest_route=\/wp\/v2\/posts\/3327\/revisions"}],"wp:featuredmedia":[{"embeddable":true,"href":"https:\/\/cofecon.org.br\/cofecon\/index.php?rest_route=\/wp\/v2\/media\/3338"}],"wp:attachment":[{"href":"https:\/\/cofecon.org.br\/cofecon\/index.php?rest_route=%2Fwp%2Fv2%2Fmedia&parent=3327"}],"wp:term":[{"taxonomy":"category","embeddable":true,"href":"https:\/\/cofecon.org.br\/cofecon\/index.php?rest_route=%2Fwp%2Fv2%2Fcategories&post=3327"},{"taxonomy":"post_tag","embeddable":true,"href":"https:\/\/cofecon.org.br\/cofecon\/index.php?rest_route=%2Fwp%2Fv2%2Ftags&post=3327"}],"curies":[{"name":"wp","href":"https:\/\/api.w.org\/{rel}","templated":true}]}}