{"id":3305,"date":"2017-11-20T12:30:43","date_gmt":"2017-11-20T14:30:43","guid":{"rendered":"http:\/\/www.cofecon.org.br\/?p=3305"},"modified":"2017-11-20T12:30:43","modified_gmt":"2017-11-20T14:30:43","slug":"artigo-as-desigualdades-no-mercado-de-trabalho-e-a-ciencia-do-endividamento-publico-e-privado","status":"publish","type":"post","link":"https:\/\/cofecon.org.br\/cofecon\/?p=3305","title":{"rendered":"Artigo &#8211; As desigualdades no mercado de trabalho e a ci\u00eancia do endividamento p\u00fablico e privado"},"content":{"rendered":"<p style=\"text-align: justify;\"><span style=\"font-size: 12px; font-family: verdana, geneva, sans-serif;\">N\u00f3s, os pretos e pardos, somos a maioria da popula\u00e7\u00e3o brasileira, por isso sofremos mais com as mazelas da economia e da sociedade. Na viol\u00eancia urbana, por exemplo, 61 mil cad\u00e1veres s\u00e3o expostos todo ano no Brasil. A maioria \u00e9 de pretos e de pardos. A educa\u00e7\u00e3o n\u00e3o chega a todos com igualdade de oportunidades, o que \u00e9 sentido em maior frequ\u00eancia entre os pretos e pardos. O despreparo nos empurra para a informalidade e quando nos encontramos no mercado formal outra vez, o preparo relativo explica o ganho salarial m\u00e9dio a menor para a maioria dos casos.<\/span><\/p>\n<p style=\"text-align: justify;\"><span style=\"font-size: 12px; font-family: verdana, geneva, sans-serif;\">Medidas afirmativas t\u00eam acontecido no Brasil para corrigir tamanha desigualdade. No campo da educa\u00e7\u00e3o, li recentemente um artigo do ex-ministro Delfim Neto, na Folha de S\u00e3o Paulo, apoiando a iniciativa da Universidade de S\u00e3o Paulo (USP) de criar cotas raciais. De S\u00e3o Paulo vem outra inciativa corajosa de representantes da classe m\u00e9dia brasileira voltada para o combate \u00e0 desigualdade entre pretos e pardos no mercado de trabalho e na sociedade em geral, da professora de Antropologia da PUC de Campinas Elisete Zanlorenzi, que em uma tese de doutorado desmistifica a chamada \u201cpregui\u00e7a baiana\u201d, cuja raiz \u00e9 um preconceito contra negros e pardos da Bahia e do Brasil. Ela conclui que o preto ou pardo baiano \u00e9 trabalhador t\u00e3o eficiente quanto qualquer brasileiro.<\/span><\/p>\n<p style=\"text-align: justify;\"><span style=\"font-size: 12px; font-family: verdana, geneva, sans-serif;\">A ci\u00eancia e seus cientistas, quando se voltam para as quest\u00f5es reais da sociedade, contribuem muito para o esclarecimento e posterior solu\u00e7\u00e3o de quest\u00f5es reais. Uma vez compreendidas as quest\u00f5es, no mais \u00e9 debate, divulga\u00e7\u00e3o, consenso e pol\u00edtica.<\/span><\/p>\n<p style=\"text-align: justify;\"><span style=\"font-size: 12px; font-family: verdana, geneva, sans-serif;\">Neste Dia da Consci\u00eancia Negra, 20 de novembro, gostaria de deixar uma modesta colabora\u00e7\u00e3o nesta \u00e1rea: que seja criada no Brasil a Ci\u00eancia do Endividamento P\u00fablico e Privado. As condi\u00e7\u00f5es hist\u00f3ricas para que isso ocorra est\u00e3o criadas. No setor p\u00fablico, o endividamento explica a ru\u00edna or\u00e7ament\u00e1ria, isso na d\u00edvida passiva. Na d\u00edvida ativa, explica em parte a fal\u00eancia do C\u00f3digo Tribut\u00e1rio Nacional. Na sociedade h\u00e1 61 milh\u00f5es de endividados e inadimplentes, e outra vez a maioria deve ser de pretos e pardos.<\/span><\/p>\n<p style=\"text-align: justify;\"><span style=\"font-size: 12px; font-family: verdana, geneva, sans-serif;\">A ci\u00eancia do endividamento p\u00fablico e privado h\u00e1 de consolidar a experi\u00eancia brasileira nessas \u00e1reas, na legisla\u00e7\u00e3o e em trabalhos acad\u00eamicos e artigos sobre o endividamento em geral. A ci\u00eancia das finan\u00e7as p\u00fablicas surgiu para estudar o or\u00e7amento p\u00fablico com \u00eanfase na d\u00e9cada de 30, com o keynesianismo.<\/span><\/p>\n<p style=\"text-align: justify;\"><span style=\"font-size: 12px; font-family: verdana, geneva, sans-serif;\">A ci\u00eancia do endividamento p\u00fablico h\u00e1 de responder, por exemplo: por que as pequenas e medias empresas t\u00eam tanta dificuldade para acessar ao credito formal? Por que recorrem ao cr\u00e9dito informal? Por que a taxa de juros tem sido t\u00e3o alta no Brasil com respostas objetivas? Certo de que as pequenas e m\u00e9dias empresas s\u00e3o a maior fonte de emprego e pretos e pardos neste pa\u00eds, acredito que melhorando o ambiente de neg\u00f3cios, a vida se tornar\u00e1 mais f\u00e1cil para todos.<\/span><\/p>\n<hr \/>\n<p style=\"text-align: justify;\"><span style=\"font-size: 12px; font-family: verdana, geneva, sans-serif;\">Carlos Magno &#8211; Economista e escritor.<\/span><\/p>\n","protected":false},"excerpt":{"rendered":"<p>N\u00f3s, os pretos e pardos, somos a maioria da popula\u00e7\u00e3o brasileira, por isso sofremos mais com as mazelas da economia e da sociedade. Na viol\u00eancia urbana, por exemplo, 61 mil cad\u00e1veres s\u00e3o expostos todo ano no Brasil. A maioria \u00e9<\/p>\n<p><a class=\"more-link\" href=\"https:\/\/cofecon.org.br\/cofecon\/?p=3305\">Leia Mais<\/a><\/p>\n","protected":false},"author":1,"featured_media":3306,"comment_status":"open","ping_status":"open","sticky":false,"template":"","format":"standard","meta":{"footnotes":""},"categories":[6],"tags":[],"class_list":["post-3305","post","type-post","status-publish","format-standard","has-post-thumbnail","hentry","category-artigo"],"_links":{"self":[{"href":"https:\/\/cofecon.org.br\/cofecon\/index.php?rest_route=\/wp\/v2\/posts\/3305"}],"collection":[{"href":"https:\/\/cofecon.org.br\/cofecon\/index.php?rest_route=\/wp\/v2\/posts"}],"about":[{"href":"https:\/\/cofecon.org.br\/cofecon\/index.php?rest_route=\/wp\/v2\/types\/post"}],"author":[{"embeddable":true,"href":"https:\/\/cofecon.org.br\/cofecon\/index.php?rest_route=\/wp\/v2\/users\/1"}],"replies":[{"embeddable":true,"href":"https:\/\/cofecon.org.br\/cofecon\/index.php?rest_route=%2Fwp%2Fv2%2Fcomments&post=3305"}],"version-history":[{"count":0,"href":"https:\/\/cofecon.org.br\/cofecon\/index.php?rest_route=\/wp\/v2\/posts\/3305\/revisions"}],"wp:featuredmedia":[{"embeddable":true,"href":"https:\/\/cofecon.org.br\/cofecon\/index.php?rest_route=\/wp\/v2\/media\/3306"}],"wp:attachment":[{"href":"https:\/\/cofecon.org.br\/cofecon\/index.php?rest_route=%2Fwp%2Fv2%2Fmedia&parent=3305"}],"wp:term":[{"taxonomy":"category","embeddable":true,"href":"https:\/\/cofecon.org.br\/cofecon\/index.php?rest_route=%2Fwp%2Fv2%2Fcategories&post=3305"},{"taxonomy":"post_tag","embeddable":true,"href":"https:\/\/cofecon.org.br\/cofecon\/index.php?rest_route=%2Fwp%2Fv2%2Ftags&post=3305"}],"curies":[{"name":"wp","href":"https:\/\/api.w.org\/{rel}","templated":true}]}}