{"id":3293,"date":"2017-11-20T11:06:31","date_gmt":"2017-11-20T13:06:31","guid":{"rendered":"http:\/\/www.cofecon.org.br\/?p=3293"},"modified":"2017-11-20T11:06:31","modified_gmt":"2017-11-20T13:06:31","slug":"presidente-do-cofecon-participou-de-debate-sobre-desigualdade-social-e-racial","status":"publish","type":"post","link":"https:\/\/cofecon.org.br\/cofecon\/?p=3293","title":{"rendered":"Presidente do Cofecon participou de debate sobre desigualdade social e racial"},"content":{"rendered":"<p style=\"text-align: justify;\"><img loading=\"lazy\" decoding=\"async\" class=\"size-full wp-image-3295 alignleft\" src=\"http:\/\/cofecon.org.br\/cofecon\/wp-content\/uploads\/2017\/11\/Miragaya_palestra_Campanha_site_editada.jpg\" alt=\"\" width=\"351\" height=\"250\" srcset=\"https:\/\/cofecon.org.br\/cofecon\/wp-content\/uploads\/2017\/11\/Miragaya_palestra_Campanha_site_editada.jpg 351w, https:\/\/cofecon.org.br\/cofecon\/wp-content\/uploads\/2017\/11\/Miragaya_palestra_Campanha_site_editada-300x214.jpg 300w\" sizes=\"(max-width: 351px) 100vw, 351px\" \/>O Movimento Popular por uma Ceil\u00e2ndia Melhor (MOPOCEM) realizou no \u00faltimo s\u00e1bado, 18 de novembro, debate sobre o tema \u201cDesigualdade social e racial: uma realidade a ser transformada\u201d. Participaram da discuss\u00e3o o presidente do Cofecon, J\u00falio Miragaya, e Viridiano Brito, que \u00e9 membro do MOPOCEM. O evento foi realizado \u00e0s 14h30 no Centro Comunit\u00e1rio do Idoso Luisa de Marillac, em Ceil\u00e2ndia, Distrito Federal.<\/p>\n<p style=\"text-align: justify;\">Na oportunidade, J\u00falio Miragaya falou, entre outros assuntos, sobre a Campanha pela Redu\u00e7\u00e3o da Desigualdade Social no Brasil, uma iniciativa da autarquia que j\u00e1 conta com o apoio de mais de 30 entidades. A campanha est\u00e1 estruturada em cinco eixos: mudar o modelo tribut\u00e1rio; preservar e ampliar direitos sociais; preservar e ampliar pol\u00edticas p\u00fablicas de valoriza\u00e7\u00e3o do trabalho e de educa\u00e7\u00e3o; refor\u00e7ar a fun\u00e7\u00e3o social do Estado; e ampliar a democracia e a participa\u00e7\u00e3o social. Saiba mais em http:\/\/campanha.cofecon.org.br\/<\/p>\n<p style=\"text-align: center;\"><img loading=\"lazy\" decoding=\"async\" class=\"size-full wp-image-3297 aligncenter\" src=\"http:\/\/cofecon.org.br\/cofecon\/wp-content\/uploads\/2017\/11\/palestra_2_reduzida_site.jpg\" alt=\"\" width=\"350\" height=\"250\" srcset=\"https:\/\/cofecon.org.br\/cofecon\/wp-content\/uploads\/2017\/11\/palestra_2_reduzida_site.jpg 350w, https:\/\/cofecon.org.br\/cofecon\/wp-content\/uploads\/2017\/11\/palestra_2_reduzida_site-300x214.jpg 300w\" sizes=\"(max-width: 350px) 100vw, 350px\" \/>Evento ocorreu em Ceil\u00e2ndia, no Centro Comunit\u00e1rio do Idoso Luisa de Marillac<\/p>\n","protected":false},"excerpt":{"rendered":"<p>O Movimento Popular por uma Ceil\u00e2ndia Melhor (MOPOCEM) realizou no \u00faltimo s\u00e1bado, 18 de novembro, debate sobre o tema \u201cDesigualdade social e racial: uma realidade a ser transformada\u201d. Participaram da discuss\u00e3o o presidente do Cofecon, J\u00falio Miragaya, e Viridiano Brito,<\/p>\n<p><a class=\"more-link\" href=\"https:\/\/cofecon.org.br\/cofecon\/?p=3293\">Leia Mais<\/a><\/p>\n","protected":false},"author":1,"featured_media":3295,"comment_status":"open","ping_status":"open","sticky":false,"template":"","format":"standard","meta":{"footnotes":""},"categories":[2],"tags":[],"class_list":["post-3293","post","type-post","status-publish","format-standard","has-post-thumbnail","hentry","category-noticias"],"_links":{"self":[{"href":"https:\/\/cofecon.org.br\/cofecon\/index.php?rest_route=\/wp\/v2\/posts\/3293"}],"collection":[{"href":"https:\/\/cofecon.org.br\/cofecon\/index.php?rest_route=\/wp\/v2\/posts"}],"about":[{"href":"https:\/\/cofecon.org.br\/cofecon\/index.php?rest_route=\/wp\/v2\/types\/post"}],"author":[{"embeddable":true,"href":"https:\/\/cofecon.org.br\/cofecon\/index.php?rest_route=\/wp\/v2\/users\/1"}],"replies":[{"embeddable":true,"href":"https:\/\/cofecon.org.br\/cofecon\/index.php?rest_route=%2Fwp%2Fv2%2Fcomments&post=3293"}],"version-history":[{"count":0,"href":"https:\/\/cofecon.org.br\/cofecon\/index.php?rest_route=\/wp\/v2\/posts\/3293\/revisions"}],"wp:featuredmedia":[{"embeddable":true,"href":"https:\/\/cofecon.org.br\/cofecon\/index.php?rest_route=\/wp\/v2\/media\/3295"}],"wp:attachment":[{"href":"https:\/\/cofecon.org.br\/cofecon\/index.php?rest_route=%2Fwp%2Fv2%2Fmedia&parent=3293"}],"wp:term":[{"taxonomy":"category","embeddable":true,"href":"https:\/\/cofecon.org.br\/cofecon\/index.php?rest_route=%2Fwp%2Fv2%2Fcategories&post=3293"},{"taxonomy":"post_tag","embeddable":true,"href":"https:\/\/cofecon.org.br\/cofecon\/index.php?rest_route=%2Fwp%2Fv2%2Ftags&post=3293"}],"curies":[{"name":"wp","href":"https:\/\/api.w.org\/{rel}","templated":true}]}}