{"id":3284,"date":"2017-11-17T09:52:37","date_gmt":"2017-11-17T11:52:37","guid":{"rendered":"http:\/\/www.cofecon.org.br\/?p=3284"},"modified":"2017-11-17T09:52:37","modified_gmt":"2017-11-17T11:52:37","slug":"desigualdade-no-df","status":"publish","type":"post","link":"https:\/\/cofecon.org.br\/cofecon\/?p=3284","title":{"rendered":"Artigo &#8211; Desigualdade no DF"},"content":{"rendered":"<p style=\"text-align: justify;\"><span style=\"font-size: 12px; font-family: verdana, geneva, sans-serif;\">O aumento da desigualdade social tem sido um dos principais problemas do atual est\u00e1gio de desenvolvimento do sistema capitalista. E ela se manifesta de diversas formas: desigualdade de renda, de forma\u00e7\u00e3o escolar, de oportunidades de emprego, desigualdade espacial etc.<\/span><\/p>\n<p style=\"text-align: justify;\"><span style=\"font-size: 12px; font-family: verdana, geneva, sans-serif;\">O estudo \u201cInequality in Brazil: a Regional Perspective\u201d, elaborado pelos economistas Carlos G\u00f3es e Izabela Karpowitz para o FMI, com base em dados da PNAD (Pesquisa Nacional por Amostra de Domic\u00edlios) de 2014, \u00e9 mais um que revela aspectos importantes da desigualdade social e espacial em nosso pa\u00eds e confirma que a nossa Bras\u00edlia det\u00e9m o vergonhoso t\u00edtulo de campe\u00e3 nacional da desigualdade.<\/span><\/p>\n<p style=\"text-align: justify;\"><span style=\"font-size: 12px; font-family: verdana, geneva, sans-serif;\">O estudo apura o rendimento m\u00e9dio dos 5% mais ricos de cada estado brasileiro, assim como o rendimento m\u00e9dio dos 5% mais pobres. O Distrito Federal \u00e9 a unidade federativa onde \u00e9 maior o rendimento m\u00e9dio per capita dos 5% mais ricos (R$ 12.900,00), seguido de longe por S\u00e3o Paulo (R$ 8.200,00). J\u00e1 o rendimento m\u00e9dio per capita dos 5% mais pobres \u00e9 de m\u00edseros R$ 151,00, ocupando apenas o 9\u00ba lugar.<\/span><\/p>\n<p style=\"text-align: justify;\"><span style=\"font-size: 12px; font-family: verdana, geneva, sans-serif;\">Dessa forma, a diferen\u00e7a do rendimento m\u00e9dio per capita entre os 5% mais ricos (R$ 12.900,00) e os 5% mais pobres (R$ 151,00) em Bras\u00edlia \u00e9 de 85,4 vezes, a maior do pa\u00eds. A t\u00edtulo de compara\u00e7\u00e3o, \u00e9 quase o dobro da verificada em S\u00e3o Paulo (49,7 vezes, com valores de R$ 8.200,00 e R$ 165,00) e quase o qu\u00e1druplo da verificada em Santa Catarina, o estado menos desigual do Brasil (24,8 vezes, com valores de R$ 6.400,00 e R$ 258,00).<\/span><\/p>\n<p style=\"text-align: justify;\"><span style=\"font-size: 12px; font-family: verdana, geneva, sans-serif;\">Tais n\u00fameros evidenciam o que vem sendo recorrentemente repetido por entidades como o Corecon\/DF e o Ibrase: que o Distrito Federal s\u00f3 perder\u00e1 a condi\u00e7\u00e3o de sociedade extremamente desigual quando efetivamente diversificar sua estrutura econ\u00f4mica, desenvolvendo segmentos mais din\u00e2micos dos setores industrial e de servi\u00e7os e reduzindo sua enorme depend\u00eancia do setor p\u00fablico. Fora disso, \u00e9 pura embroma\u00e7\u00e3o.<\/span><\/p>\n<hr \/>\n<p style=\"text-align: justify;\"><span style=\"font-size: 12px; font-family: verdana, geneva, sans-serif;\"><strong>J\u00falio Miragaya, Presidente do Conselho Federal de Economia<\/strong><\/span><\/p>\n<p>&nbsp;<\/p>\n","protected":false},"excerpt":{"rendered":"<p>O aumento da desigualdade social tem sido um dos principais problemas do atual est\u00e1gio de desenvolvimento do sistema capitalista. E ela se manifesta de diversas formas: desigualdade de renda, de forma\u00e7\u00e3o escolar, de oportunidades de emprego, desigualdade espacial etc. O<\/p>\n<p><a class=\"more-link\" href=\"https:\/\/cofecon.org.br\/cofecon\/?p=3284\">Leia Mais<\/a><\/p>\n","protected":false},"author":1,"featured_media":3285,"comment_status":"open","ping_status":"open","sticky":false,"template":"","format":"standard","meta":{"footnotes":""},"categories":[6],"tags":[],"class_list":["post-3284","post","type-post","status-publish","format-standard","has-post-thumbnail","hentry","category-artigo"],"_links":{"self":[{"href":"https:\/\/cofecon.org.br\/cofecon\/index.php?rest_route=\/wp\/v2\/posts\/3284"}],"collection":[{"href":"https:\/\/cofecon.org.br\/cofecon\/index.php?rest_route=\/wp\/v2\/posts"}],"about":[{"href":"https:\/\/cofecon.org.br\/cofecon\/index.php?rest_route=\/wp\/v2\/types\/post"}],"author":[{"embeddable":true,"href":"https:\/\/cofecon.org.br\/cofecon\/index.php?rest_route=\/wp\/v2\/users\/1"}],"replies":[{"embeddable":true,"href":"https:\/\/cofecon.org.br\/cofecon\/index.php?rest_route=%2Fwp%2Fv2%2Fcomments&post=3284"}],"version-history":[{"count":0,"href":"https:\/\/cofecon.org.br\/cofecon\/index.php?rest_route=\/wp\/v2\/posts\/3284\/revisions"}],"wp:featuredmedia":[{"embeddable":true,"href":"https:\/\/cofecon.org.br\/cofecon\/index.php?rest_route=\/wp\/v2\/media\/3285"}],"wp:attachment":[{"href":"https:\/\/cofecon.org.br\/cofecon\/index.php?rest_route=%2Fwp%2Fv2%2Fmedia&parent=3284"}],"wp:term":[{"taxonomy":"category","embeddable":true,"href":"https:\/\/cofecon.org.br\/cofecon\/index.php?rest_route=%2Fwp%2Fv2%2Fcategories&post=3284"},{"taxonomy":"post_tag","embeddable":true,"href":"https:\/\/cofecon.org.br\/cofecon\/index.php?rest_route=%2Fwp%2Fv2%2Ftags&post=3284"}],"curies":[{"name":"wp","href":"https:\/\/api.w.org\/{rel}","templated":true}]}}