{"id":3092,"date":"2017-10-23T11:34:17","date_gmt":"2017-10-23T13:34:17","guid":{"rendered":"http:\/\/www.cofecon.org.br\/?p=3092"},"modified":"2017-10-23T11:34:17","modified_gmt":"2017-10-23T13:34:17","slug":"curso-de-pericia-e-assistencia-tecnica-economico-financeira-qualificou-35-profissionais","status":"publish","type":"post","link":"https:\/\/cofecon.org.br\/cofecon\/?p=3092","title":{"rendered":"Curso de Per\u00edcia e Assist\u00eancia T\u00e9cnica Econ\u00f4mico-Financeira qualificou 35 profissionais"},"content":{"rendered":"<p style=\"text-align: justify;\"><img loading=\"lazy\" decoding=\"async\" class=\"size-full wp-image-3101 alignleft\" src=\"http:\/\/cofecon.org.br\/cofecon\/wp-content\/uploads\/2017\/10\/3611483c-f052-4277-8486-5f381763b518-3.jpg\" alt=\"\" width=\"350\" height=\"250\" srcset=\"https:\/\/cofecon.org.br\/cofecon\/wp-content\/uploads\/2017\/10\/3611483c-f052-4277-8486-5f381763b518-3.jpg 350w, https:\/\/cofecon.org.br\/cofecon\/wp-content\/uploads\/2017\/10\/3611483c-f052-4277-8486-5f381763b518-3-300x214.jpg 300w\" sizes=\"(max-width: 350px) 100vw, 350px\" \/>O Curso de Per\u00edcia e Assist\u00eancia T\u00e9cnica Econ\u00f4mico-Financeira foi um sucesso. Organizado pelo Conselho Federal de Economia em parceria com os Conselhos Regionais de Economia do Distrito Federal (Corecon-DF) e do Paran\u00e1 (Corecon-PR), reuniu, em Bras\u00edlia, 35 profissionais de v\u00e1rios estados. De setembro a outubro, os alunos participaram dos quatro m\u00f3dulos oferecidos e aprimoraram seus conhecimentos na \u00e1rea. A cerim\u00f4nia de encerramento ocorreu no \u00faltimo s\u00e1bado, 21 de outubro, na sede do Cofecon, em Bras\u00edlia. Na ocasi\u00e3o, houve entrega de certificados.<\/p>\n<p style=\"text-align: justify;\">Com dura\u00e7\u00e3o de 80 horas\/aula, o curso foi dividido em quatro m\u00f3dulos, sendo o primeiro deles pr\u00e9-requisito para a participa\u00e7\u00e3o nos demais. M\u00f3dulo I) Apresenta\u00e7\u00e3o geral do curso; Planilhas Periciais, Links \u00dateis e Cadastramento; Excel e Matem\u00e1tica Financeira; Aspectos Gerais da Per\u00edcia na Justi\u00e7a; e o Trabalho do Perito e Assistente T\u00e9cnico Econ\u00f4mico-financeiro, ministrado pelos economistas S\u00e9rgio Guimar\u00e3es Hardy e Ademar Rog\u00e9rio Weber Heylmann; M\u00f3dulo II) Processo e C\u00e1lculos C\u00edveis, Empresariais e Contratos Banc\u00e1rios,\u00a0ministrado pela economista Vanya Marcon; M\u00f3dulo III) Processo e C\u00e1lculo Trabalhista, ministrado pelo economista Tiago Jazynski; M\u00f3dulo IV) Finan\u00e7as em Per\u00edcia Econ\u00f4mico-Financeira \u2013 Avalia\u00e7\u00e3o de Empresas, ministrado pelo economista Eduardo Cosentino.<\/p>\n<p style=\"text-align: justify;\"><img loading=\"lazy\" decoding=\"async\" class=\"size-full wp-image-3119 alignright\" src=\"http:\/\/cofecon.org.br\/cofecon\/wp-content\/uploads\/2017\/10\/pericia_2.jpg\" alt=\"\" width=\"350\" height=\"250\" srcset=\"https:\/\/cofecon.org.br\/cofecon\/wp-content\/uploads\/2017\/10\/pericia_2.jpg 350w, https:\/\/cofecon.org.br\/cofecon\/wp-content\/uploads\/2017\/10\/pericia_2-300x214.jpg 300w\" sizes=\"(max-width: 350px) 100vw, 350px\" \/>A coordena\u00e7\u00e3o geral do curso foi feita pelo conselheiro federal S\u00e9rgio Hardy, que tamb\u00e9m \u00e9 respons\u00e1vel pelo Grupo de Trabalho Per\u00edcia Econ\u00f4mico-Financeira do Cofecon. O economista estruturou a qualifica\u00e7\u00e3o, definindo as mat\u00e9rias, ementas, carga hor\u00e1ria, sele\u00e7\u00e3o de professores, apoios, revis\u00e3o de materiais a serem apresentados e controle de qualidade, para garantir que os alunos tivessem acesso a um curso de alto n\u00edvel. No Distrito Federal, a economista Vilma Guimar\u00e3es ficou encarregada da coordena\u00e7\u00e3o local. Segundo o conselheiro federal S\u00e9rgio Hardy, a proposta \u00e9 de que, ainda neste ano, sejam preparadas novas edi\u00e7\u00f5es do curso em outros estados, a serem planejadas pelo grupo de trabalho que coordena, com o objetivo de levar capacita\u00e7\u00f5es de qualidade aos profissionais de todo o Pa\u00eds. \u201c\u00c9 importante destacar que buscaremos sempre valorizar os economistas e professores locais\u201d, completou o coordenador geral do Curso.<\/p>\n<p style=\"text-align: justify;\">Prestigiaram a cerim\u00f4nia de encerramento o presidente do Cofecon, J\u00falio Miragaya; o presidente do Conselho Regional de Economia do Distrito Federal (Corecon-DF), M\u00e1rio S\u00e9rgio Sallorenzo; o presidente da Comiss\u00e3o de Previd\u00eancia Complementar da Ordem dos Advogados do Brasil, seccional do Distrito Federal (OAB-DF);\u00a0 a presidente da Federa\u00e7\u00e3o Brasileira das Associa\u00e7\u00f5es de Peritos, \u00c1rbitros, Mediadores e Conciliadores (FEBRAPAM); o conselheiro do Conselho Regional de Contabilidade do Distrito Federal (CRC-DF) Daniel Chaves Fernandes; o conselheiro do Conselho Regional de Administra\u00e7\u00e3o do Distrito Federal (CRA-DF), Geraldo Torrecillas; a coordenadora local do Curso de Per\u00edcia, Vilma Guimar\u00e3es; e o professor do Curso de Per\u00edcia, Eduardo Cosentino.<\/p>\n<p style=\"text-align: justify;\"><img loading=\"lazy\" decoding=\"async\" class=\"size-full wp-image-3103 alignleft\" src=\"http:\/\/cofecon.org.br\/cofecon\/wp-content\/uploads\/2017\/10\/1fe9e617-26a4-4bd6-a0a7-57fc8539b87f.jpg\" alt=\"\" width=\"350\" height=\"250\" srcset=\"https:\/\/cofecon.org.br\/cofecon\/wp-content\/uploads\/2017\/10\/1fe9e617-26a4-4bd6-a0a7-57fc8539b87f.jpg 350w, https:\/\/cofecon.org.br\/cofecon\/wp-content\/uploads\/2017\/10\/1fe9e617-26a4-4bd6-a0a7-57fc8539b87f-300x214.jpg 300w\" sizes=\"(max-width: 350px) 100vw, 350px\" \/>Na ocasi\u00e3o, J\u00falio Miragaya destacou a implementa\u00e7\u00e3o do Cadastro Nacional de Peritos em Economia e Finan\u00e7as, pelo Conselho Federal de Economia a partir do Grupo de Trabalho Per\u00edcia Econ\u00f4mico-Financeira. \u201cFoi uma batalha muito grande. Temos v\u00e1rios peritos, mas n\u00e3o t\u00ednhamos essa \u00e1rea organizada. N\u00f3s conseguimos estruturar e temos v\u00e1rios grupos funcionando em v\u00e1rios estados. O nosso objetivo \u00e9 que os grupos de per\u00edcia sejam implementados em todos os Conselhos Regionais de Economia, visto que essa \u00e1rea \u00e9 muito importante para n\u00f3s\u201d, afirmou Miragaya.<\/p>\n<p style=\"text-align: justify;\">Vilma Guimar\u00e3es agradeceu a aceita\u00e7\u00e3o dos profissionais que participaram do curso e disse que foi muito importante para o Sistema Cofecon\/Corecons ter iniciado a capacita\u00e7\u00e3o. \u201cEsse foi o primeiro passo. N\u00f3s temos que buscar essa proximidade com o Judici\u00e1rio, pensarmos em nosso C\u00f3digo de Per\u00edcia para 2018, e trazermos discuss\u00f5es com pessoas de renome na \u00e1rea para fortalecermos a \u00e1rea de per\u00edcia nos conselhos de classe. \u00c9 muito importante essa intera\u00e7\u00e3o com profissionais de Administra\u00e7\u00e3o, Contabilidade e Direito porque trazem v\u00e1rias linhas de pensamento diferentes e, assim, temos a possibilidade de crescer, desenvolver e melhorar a nossa atua\u00e7\u00e3o como peritos\u201d, observou a coordenadora local do Curso.<\/p>\n<p style=\"text-align: justify;\">O economista Marcos Aur\u00e9lio de Abreu \u00e9 economista e participou de todos os m\u00f3dulos oferecidos pelo curso de per\u00edcia. Ele trabalhou como banc\u00e1rio durante algum tempo e, aposentado, resolveu investir na \u00e1rea, atuando como profissional liberal. \u201cEnquanto estava no Banco do Brasil trabalhei como assistente t\u00e9cnico e agora, diante da atualiza\u00e7\u00e3o necess\u00e1ria do C\u00f3digo de Processo Civil, decidi investir no curso para trabalhar como perito\u201d, relatou. O economista avaliou a experi\u00eancia como excelente, porque teve oportunidade de interagir com profissionais de todo o Brasil. \u201cA qualidade dos professores \u00e9 algo realmente de destaque no curso. Todos os professores que vieram s\u00e3o muito bons, se dedicaram bastante. Fiz quest\u00e3o de participar de todos os m\u00f3dulos, fiz o curso completo e recomendo a quem tem interesse em aprofundar conhecimentos em Per\u00edcia\u201d, concluiu.<\/p>\n<p>&nbsp;<\/p>\n","protected":false},"excerpt":{"rendered":"<p>O Curso de Per\u00edcia e Assist\u00eancia T\u00e9cnica Econ\u00f4mico-Financeira foi um sucesso. Organizado pelo Conselho Federal de Economia em parceria com os Conselhos Regionais de Economia do Distrito Federal (Corecon-DF) e do Paran\u00e1 (Corecon-PR), reuniu, em Bras\u00edlia, 35 profissionais de v\u00e1rios<\/p>\n<p><a class=\"more-link\" href=\"https:\/\/cofecon.org.br\/cofecon\/?p=3092\">Leia Mais<\/a><\/p>\n","protected":false},"author":1,"featured_media":3101,"comment_status":"open","ping_status":"open","sticky":false,"template":"","format":"standard","meta":{"footnotes":""},"categories":[2],"tags":[],"class_list":["post-3092","post","type-post","status-publish","format-standard","has-post-thumbnail","hentry","category-noticias"],"_links":{"self":[{"href":"https:\/\/cofecon.org.br\/cofecon\/index.php?rest_route=\/wp\/v2\/posts\/3092"}],"collection":[{"href":"https:\/\/cofecon.org.br\/cofecon\/index.php?rest_route=\/wp\/v2\/posts"}],"about":[{"href":"https:\/\/cofecon.org.br\/cofecon\/index.php?rest_route=\/wp\/v2\/types\/post"}],"author":[{"embeddable":true,"href":"https:\/\/cofecon.org.br\/cofecon\/index.php?rest_route=\/wp\/v2\/users\/1"}],"replies":[{"embeddable":true,"href":"https:\/\/cofecon.org.br\/cofecon\/index.php?rest_route=%2Fwp%2Fv2%2Fcomments&post=3092"}],"version-history":[{"count":0,"href":"https:\/\/cofecon.org.br\/cofecon\/index.php?rest_route=\/wp\/v2\/posts\/3092\/revisions"}],"wp:featuredmedia":[{"embeddable":true,"href":"https:\/\/cofecon.org.br\/cofecon\/index.php?rest_route=\/wp\/v2\/media\/3101"}],"wp:attachment":[{"href":"https:\/\/cofecon.org.br\/cofecon\/index.php?rest_route=%2Fwp%2Fv2%2Fmedia&parent=3092"}],"wp:term":[{"taxonomy":"category","embeddable":true,"href":"https:\/\/cofecon.org.br\/cofecon\/index.php?rest_route=%2Fwp%2Fv2%2Fcategories&post=3092"},{"taxonomy":"post_tag","embeddable":true,"href":"https:\/\/cofecon.org.br\/cofecon\/index.php?rest_route=%2Fwp%2Fv2%2Ftags&post=3092"}],"curies":[{"name":"wp","href":"https:\/\/api.w.org\/{rel}","templated":true}]}}