{"id":3088,"date":"2017-10-20T15:14:46","date_gmt":"2017-10-20T17:14:46","guid":{"rendered":"http:\/\/www.cofecon.org.br\/?p=3088"},"modified":"2017-10-20T15:14:46","modified_gmt":"2017-10-20T17:14:46","slug":"artigo-de-olhos-no-futuro","status":"publish","type":"post","link":"https:\/\/cofecon.org.br\/cofecon\/?p=3088","title":{"rendered":"Artigo &#8211; De olhos no futuro"},"content":{"rendered":"<p style=\"text-align: justify;\">Os n\u00fameros recentes do Banco Central d\u00e3o conta de que as economias brasileira e capixaba est\u00e3o melhores. O \u00cdndice de Atividade Econ\u00f4mica, chamado \u201cPIB do Bacen\u201d, mostra que a produ\u00e7\u00e3o de riquezas no pa\u00eds atingiu crescimento de 0,3% at\u00e9 julho. O Esp\u00edrito Santo j\u00e1 se expandiu 1,5% no mesmo per\u00edodo.<\/p>\n<p style=\"text-align: justify;\">A onda de otimismo tem surpreendido analistas em todo pa\u00eds. O mercado financeiro j\u00e1 vinha sinalizando menor cont\u00e1gio da crise pol\u00edtica. Mas agora a situa\u00e7\u00e3o tamb\u00e9m \u00e9 melhor no setor real. As proje\u00e7\u00f5es de crescimento t\u00eam sido sucessivamente elevadas. H\u00e1 potencial de crescimento do PIB nacional de 0,8% este ano e de 1,8% da economia capixaba.<\/p>\n<p style=\"text-align: justify;\">\u00c9 fato que vai levar mais algum tempo para a popula\u00e7\u00e3o sentir a melhora, por conta da lentid\u00e3o da resposta do desemprego. S\u00e3o necess\u00e1rios pelo menos 170 mil novos postos de trabalho para os capixabas voltarem \u00e0quela condi\u00e7\u00e3o de pleno emprego antecedente \u00e0 crise. \u00c9 um n\u00famero expressivo, j\u00e1 que corresponde \u00e0 popula\u00e7\u00e3o de Linhares.<\/p>\n<p style=\"text-align: justify;\">Nota-se certo ceticismo quanto \u00e0 sustentabilidade dessa retomada: n\u00e3o seria mero \u201cvoo de galinha\u201d? Pelo menos at\u00e9 2018 \u00e9 esperado crescimento nacional de 2,2%. \u00c9 claro que a mudan\u00e7a no cen\u00e1rio pol\u00edtico pode interferir muito nas proje\u00e7\u00f5es futuras. \u00c9 dif\u00edcil precisar.<\/p>\n<p style=\"text-align: justify;\">A verdade \u00e9 que estamos sem muni\u00e7\u00f5es, como FGTS, ou espa\u00e7o fiscal para subs\u00eddios ou pol\u00edticas contrac\u00edclicas. Nesse sentido \u00e9 desej\u00e1vel a resposta do investimento produtivo, que se encontra muito deprimido desde o in\u00edcio da crise.<\/p>\n<p style=\"text-align: justify;\">A infla\u00e7\u00e3o, juro mais baixo e liquidez internacional podem ajudar no curt\u00edssimo prazo. Mas n\u00e3o d\u00e1 para contar com isso por muito tempo. Por isso \u00e9 relevante a agenda de reformas estruturais, que abram espa\u00e7o ampliar a produtividade.<\/p>\n<p style=\"text-align: justify;\">\u00c9 importante corrigir as disfun\u00e7\u00f5es das finan\u00e7as p\u00fablicas, com redu\u00e7\u00e3o gradativa do peso de despesas pessoal para amplia\u00e7\u00e3o do investimento p\u00fablico. \u00c9 urgente simplificar e rever a distribui\u00e7\u00e3o do \u00f4nus tribut\u00e1rio no pa\u00eds. A melhoria do ambiente de neg\u00f3cios passa por regras mais simples de tributa\u00e7\u00e3o.<\/p>\n<p style=\"text-align: justify;\">H\u00e1 que se olhar o presente, mas sem perder foco nas metas de futuro. Pois o planejamento estrat\u00e9gico proposto pelos capixabas h\u00e1 uma d\u00e9cada foi de alcan\u00e7armos renda m\u00e9dia anual de R$ 64 mil por habitante at\u00e9 2025. Isso significa que \u00e9 necess\u00e1rio crescer em ritmo de economia chinesa nos pr\u00f3ximos oito anos (9% por ano) para atingir esse objetivo, sem se esquecer dos 150 mil capixabas que se encontram em condi\u00e7\u00e3o de extrema pobreza. S\u00e3o grandes desafios para o futuro que desejamos!<\/p>\n<p style=\"text-align: justify;\">\u00a0<\/p>\n<p style=\"text-align: justify;\"><strong>Eduardo Araujo &#8211; Vice-presidente do Conselho Regional de Economia do ES (Corecon-ES)<\/strong><\/p>\n<p>&nbsp;<\/p>\n","protected":false},"excerpt":{"rendered":"<p>Os n\u00fameros recentes do Banco Central d\u00e3o conta de que as economias brasileira e capixaba est\u00e3o melhores. O \u00cdndice de Atividade Econ\u00f4mica, chamado \u201cPIB do Bacen\u201d, mostra que a produ\u00e7\u00e3o de riquezas no pa\u00eds atingiu crescimento de 0,3% at\u00e9 julho.<\/p>\n<p><a class=\"more-link\" href=\"https:\/\/cofecon.org.br\/cofecon\/?p=3088\">Leia Mais<\/a><\/p>\n","protected":false},"author":1,"featured_media":3090,"comment_status":"open","ping_status":"open","sticky":false,"template":"","format":"standard","meta":{"footnotes":""},"categories":[6],"tags":[],"class_list":["post-3088","post","type-post","status-publish","format-standard","has-post-thumbnail","hentry","category-artigo"],"_links":{"self":[{"href":"https:\/\/cofecon.org.br\/cofecon\/index.php?rest_route=\/wp\/v2\/posts\/3088"}],"collection":[{"href":"https:\/\/cofecon.org.br\/cofecon\/index.php?rest_route=\/wp\/v2\/posts"}],"about":[{"href":"https:\/\/cofecon.org.br\/cofecon\/index.php?rest_route=\/wp\/v2\/types\/post"}],"author":[{"embeddable":true,"href":"https:\/\/cofecon.org.br\/cofecon\/index.php?rest_route=\/wp\/v2\/users\/1"}],"replies":[{"embeddable":true,"href":"https:\/\/cofecon.org.br\/cofecon\/index.php?rest_route=%2Fwp%2Fv2%2Fcomments&post=3088"}],"version-history":[{"count":0,"href":"https:\/\/cofecon.org.br\/cofecon\/index.php?rest_route=\/wp\/v2\/posts\/3088\/revisions"}],"wp:featuredmedia":[{"embeddable":true,"href":"https:\/\/cofecon.org.br\/cofecon\/index.php?rest_route=\/wp\/v2\/media\/3090"}],"wp:attachment":[{"href":"https:\/\/cofecon.org.br\/cofecon\/index.php?rest_route=%2Fwp%2Fv2%2Fmedia&parent=3088"}],"wp:term":[{"taxonomy":"category","embeddable":true,"href":"https:\/\/cofecon.org.br\/cofecon\/index.php?rest_route=%2Fwp%2Fv2%2Fcategories&post=3088"},{"taxonomy":"post_tag","embeddable":true,"href":"https:\/\/cofecon.org.br\/cofecon\/index.php?rest_route=%2Fwp%2Fv2%2Ftags&post=3088"}],"curies":[{"name":"wp","href":"https:\/\/api.w.org\/{rel}","templated":true}]}}