{"id":3084,"date":"2017-10-19T16:15:33","date_gmt":"2017-10-19T18:15:33","guid":{"rendered":"http:\/\/www.cofecon.org.br\/?p=3084"},"modified":"2017-10-19T16:15:33","modified_gmt":"2017-10-19T18:15:33","slug":"artigo-economia-da-saude","status":"publish","type":"post","link":"https:\/\/cofecon.org.br\/cofecon\/?p=3084","title":{"rendered":"Artigo &#8211; Economia da Sa\u00fade"},"content":{"rendered":"<p style=\"text-align: justify;\">Certamente n\u00e3o existe ser humano que n\u00e3o ouviu falar em Economia. Mesmo indiretamente, seja para o bem ou para o mal. Da mesma forma o termo Sa\u00fade, como institui\u00e7\u00e3o, \u00e9 do conhecimento de todos. Agora se algu\u00e9m usar a express\u00e3o Economia da Sa\u00fade, poucos certamente sabem exatamente do que se trata. Isso, independentemente de sua import\u00e2ncia.<\/p>\n<p style=\"text-align: justify;\">A import\u00e2ncia dessa profiss\u00e3o \u00e9 inquestion\u00e1vel seja nos setores p\u00fablicos ou privados. Sejam os m\u00e9dicos, gestores e qualquer formulador de pol\u00edticas do setor contam com os ensinamentos da Economia da Sa\u00fade para tra\u00e7arem seus planejamentos e desenvolverem as suas a\u00e7\u00f5es.<\/p>\n<p style=\"text-align: justify;\">Quando se fala em sa\u00fade, a primeira imagem que vem \u00e0 cabe\u00e7a \u00e9 de um sistema que n\u00e3o consegue se encontrar. O cen\u00e1rio \u00e9 sempre de muitas dificuldades, por mais que se tenha avan\u00e7ado nos \u00faltimos anos. Desperd\u00edcio, falta de incentivo e qualidade no atendimento s\u00e3o apenas alguns dos problemas que se avolumam pelos quatro cantos do pa\u00eds.<\/p>\n<p style=\"text-align: justify;\">Os profissionais da Economia da Sa\u00fade usam a ferramenta de seus conhecimentos para, pelo menos, amenizar esse cen\u00e1rio nada amig\u00e1vel. S\u00e3o m\u00e9todos que auxiliam esse mecanismo de busca de m\u00e9todos mais eficientes e que venham a beneficiar a sociedade como um todo.<\/p>\n<p style=\"text-align: justify;\">Qualquer passo que se d\u00ea na \u00e1rea, como o acesso aos cuidados de sa\u00fade, como alocar os recursos de forma racional, maximizar o benef\u00edcio dos recursos de sa\u00fade, prestar uma medicina de melhor qualidade aos pacientes tem uma grande import\u00e2ncia.\u00a0 Um dos objetivos da Economia da Sa\u00fade \u00e9 o de contribuir para a qualifica\u00e7\u00e3o dos gastos e para uma gest\u00e3o eficiente dos recursos aplicados, com \u00eanfase na preserva\u00e7\u00e3o da \u00e9tica do bem comum.<\/p>\n<p style=\"text-align: justify;\">Uma das metas \u00e9 de acabar com o desperd\u00edcio e auxiliar na formula\u00e7\u00e3o de pr\u00e1ticas empreendedoras e inovadoras.<\/p>\n<p style=\"text-align: justify;\">A sa\u00fade \u00e9 um setor altamente complexo. Assim, um grande desafio \u00e9 atuar em um ramo que tem um custo elevado compar\u00e1vel \u00e0 Europa Ocidental. Por outro lado, no ranking mundial de efici\u00eancia de sistemas nacionais de sa\u00fade, editado pela ag\u00eancia de not\u00edcias e neg\u00f3cios <em>Bloomberg<\/em>, o Brasil se posiciona, h\u00e1 alguns anos, consistentemente entre os \u00faltimos colocados. Uma incoer\u00eancia. Se gasta muito em sa\u00fade, mas se gasta mal.<\/p>\n<p style=\"text-align: justify;\">Se algu\u00e9m fizer uma pesquisa em pa\u00edses da Europa ou nos Estados Unidos, comprovar\u00e1, sem muita dificuldade, que o estudo da Economia da Sa\u00fade tem auxiliado na forma\u00e7\u00e3o e especializa\u00e7\u00e3o de pessoal que trabalha em planejamento e administra\u00e7\u00e3o de servi\u00e7os de sa\u00fade. Ainda temos de evoluir na gest\u00e3o da sa\u00fade, mas fica a certeza que se tem buscado o profissionalismo como uma das solu\u00e7\u00f5es para seus graves problemas. E a Economia da Sa\u00fade tem dado a sua contribui\u00e7\u00e3o para esse imenso desafio.<\/p>\n<p style=\"text-align: justify;\"><strong>Carime Jabour de Fran\u00e7a &#8211; Economista<\/strong><\/p>\n","protected":false},"excerpt":{"rendered":"<p>Certamente n\u00e3o existe ser humano que n\u00e3o ouviu falar em Economia. Mesmo indiretamente, seja para o bem ou para o mal. Da mesma forma o termo Sa\u00fade, como institui\u00e7\u00e3o, \u00e9 do conhecimento de todos. Agora se algu\u00e9m usar a express\u00e3o<\/p>\n<p><a class=\"more-link\" href=\"https:\/\/cofecon.org.br\/cofecon\/?p=3084\">Leia Mais<\/a><\/p>\n","protected":false},"author":1,"featured_media":3085,"comment_status":"open","ping_status":"open","sticky":false,"template":"","format":"standard","meta":{"footnotes":""},"categories":[6],"tags":[],"class_list":["post-3084","post","type-post","status-publish","format-standard","has-post-thumbnail","hentry","category-artigo"],"_links":{"self":[{"href":"https:\/\/cofecon.org.br\/cofecon\/index.php?rest_route=\/wp\/v2\/posts\/3084"}],"collection":[{"href":"https:\/\/cofecon.org.br\/cofecon\/index.php?rest_route=\/wp\/v2\/posts"}],"about":[{"href":"https:\/\/cofecon.org.br\/cofecon\/index.php?rest_route=\/wp\/v2\/types\/post"}],"author":[{"embeddable":true,"href":"https:\/\/cofecon.org.br\/cofecon\/index.php?rest_route=\/wp\/v2\/users\/1"}],"replies":[{"embeddable":true,"href":"https:\/\/cofecon.org.br\/cofecon\/index.php?rest_route=%2Fwp%2Fv2%2Fcomments&post=3084"}],"version-history":[{"count":0,"href":"https:\/\/cofecon.org.br\/cofecon\/index.php?rest_route=\/wp\/v2\/posts\/3084\/revisions"}],"wp:featuredmedia":[{"embeddable":true,"href":"https:\/\/cofecon.org.br\/cofecon\/index.php?rest_route=\/wp\/v2\/media\/3085"}],"wp:attachment":[{"href":"https:\/\/cofecon.org.br\/cofecon\/index.php?rest_route=%2Fwp%2Fv2%2Fmedia&parent=3084"}],"wp:term":[{"taxonomy":"category","embeddable":true,"href":"https:\/\/cofecon.org.br\/cofecon\/index.php?rest_route=%2Fwp%2Fv2%2Fcategories&post=3084"},{"taxonomy":"post_tag","embeddable":true,"href":"https:\/\/cofecon.org.br\/cofecon\/index.php?rest_route=%2Fwp%2Fv2%2Ftags&post=3084"}],"curies":[{"name":"wp","href":"https:\/\/api.w.org\/{rel}","templated":true}]}}