{"id":3081,"date":"2017-10-19T15:05:59","date_gmt":"2017-10-19T17:05:59","guid":{"rendered":"http:\/\/www.cofecon.org.br\/?p=3081"},"modified":"2017-10-19T15:05:59","modified_gmt":"2017-10-19T17:05:59","slug":"palestra-gratuita-para-estudantes-abordara-o-mercado-de-trabalho-dos-economistas","status":"publish","type":"post","link":"https:\/\/cofecon.org.br\/cofecon\/?p=3081","title":{"rendered":"Palestra gratuita para estudantes abordar\u00e1 o mercado de trabalho dos economistas"},"content":{"rendered":"<p style=\"text-align: justify;\"><img loading=\"lazy\" decoding=\"async\" class=\"size-full wp-image-3082 alignleft\" src=\"http:\/\/cofecon.org.br\/cofecon\/wp-content\/uploads\/2017\/10\/estudantes.jpg\" alt=\"\" width=\"350\" height=\"250\" srcset=\"https:\/\/cofecon.org.br\/cofecon\/wp-content\/uploads\/2017\/10\/estudantes.jpg 350w, https:\/\/cofecon.org.br\/cofecon\/wp-content\/uploads\/2017\/10\/estudantes-300x214.jpg 300w\" sizes=\"(max-width: 350px) 100vw, 350px\" \/>Estudantes de Bras\u00edlia e Goi\u00e2nia participam de palestra sobre mercado de trabalho para economistas no dia 24 de outubro. O evento ocorrer\u00e1 das 10h \u00e0s 12h no audit\u00f3rio da Associa\u00e7\u00e3o Comercial do Distrito Federal (ACDF) e \u00e9 promovido pelo Conselho Federal de Economia (Cofecon), Conselho Regional de Economia do Distrito Federal (Corecon-DF) e Conselho Regional de Economia de Goi\u00e1s (Corecon-GO). Os palestrantes s\u00e3o os economistas Vilma Guimar\u00e3es e C\u00e9sar Bergo.<\/p>\n<p style=\"text-align: justify;\">A participa\u00e7\u00e3o \u00e9 gratuita, no entanto os estudantes devem se inscrever enviando e-mail para <a href=\"mailto:asp@cofecon.org.br\">asp@cofecon.org.br<\/a> com o nome completo e informando o nome da universidade onde estudam. Ao final, os participantes receber\u00e3o certificado.<\/p>\n<p style=\"text-align: justify;\">Sobre os palestrantes:<\/p>\n<p style=\"text-align: justify;\"><strong>C\u00e9sar Bergo:<\/strong> Economista, soci\u00f3logo e mestre em finan\u00e7as e especialista em administra\u00e7\u00e3o estrat\u00e9gica e governan\u00e7a corporativa pela FIA\/USP. Professor de p\u00f3s-gradua\u00e7\u00e3o universit\u00e1ria e de diversos cursos no mercado financeiro. Atua h\u00e1 mais de 40 anos no mercado financeiro tendo exercido cargos de executivo\u00a0em bancos, corretoras e distribuidoras de valores, al\u00e9m de possuir diversas certifica\u00e7\u00f5es para atuar no mercado financeiro.<\/p>\n<p style=\"text-align: justify;\"><strong>Vilma Guimar\u00e3es: <\/strong>Economista, p\u00f3s-graduada em Per\u00edcia Judicial e Pr\u00e1ticas Atuariais com Doc\u00eancia em Ensino Superior. Perita econ\u00f4mico-financeira desde 2007. Especialista em mat\u00e9rias atinentes a planos de Previd\u00eancia Complementar.<\/p>\n<p>Servi\u00e7o:<\/p>\n<p>Palestra sobre mercado de trabalho<\/p>\n<p>Data: 24\/10 &#8211; ter\u00e7a-feira<\/p>\n<p>Hor\u00e1rio: 10h \u00e0s 12h<\/p>\n<p>Local: Audit\u00f3rio da ACDF &#8211; SCS Quadra 02 Bloco B &#8211; 1\u00ba andar.<\/p>\n","protected":false},"excerpt":{"rendered":"<p>Estudantes de Bras\u00edlia e Goi\u00e2nia participam de palestra sobre mercado de trabalho para economistas no dia 24 de outubro. O evento ocorrer\u00e1 das 10h \u00e0s 12h no audit\u00f3rio da Associa\u00e7\u00e3o Comercial do Distrito Federal (ACDF) e \u00e9 promovido pelo Conselho<\/p>\n<p><a class=\"more-link\" href=\"https:\/\/cofecon.org.br\/cofecon\/?p=3081\">Leia Mais<\/a><\/p>\n","protected":false},"author":1,"featured_media":3082,"comment_status":"open","ping_status":"open","sticky":false,"template":"","format":"standard","meta":{"footnotes":""},"categories":[2],"tags":[],"class_list":["post-3081","post","type-post","status-publish","format-standard","has-post-thumbnail","hentry","category-noticias"],"_links":{"self":[{"href":"https:\/\/cofecon.org.br\/cofecon\/index.php?rest_route=\/wp\/v2\/posts\/3081"}],"collection":[{"href":"https:\/\/cofecon.org.br\/cofecon\/index.php?rest_route=\/wp\/v2\/posts"}],"about":[{"href":"https:\/\/cofecon.org.br\/cofecon\/index.php?rest_route=\/wp\/v2\/types\/post"}],"author":[{"embeddable":true,"href":"https:\/\/cofecon.org.br\/cofecon\/index.php?rest_route=\/wp\/v2\/users\/1"}],"replies":[{"embeddable":true,"href":"https:\/\/cofecon.org.br\/cofecon\/index.php?rest_route=%2Fwp%2Fv2%2Fcomments&post=3081"}],"version-history":[{"count":0,"href":"https:\/\/cofecon.org.br\/cofecon\/index.php?rest_route=\/wp\/v2\/posts\/3081\/revisions"}],"wp:featuredmedia":[{"embeddable":true,"href":"https:\/\/cofecon.org.br\/cofecon\/index.php?rest_route=\/wp\/v2\/media\/3082"}],"wp:attachment":[{"href":"https:\/\/cofecon.org.br\/cofecon\/index.php?rest_route=%2Fwp%2Fv2%2Fmedia&parent=3081"}],"wp:term":[{"taxonomy":"category","embeddable":true,"href":"https:\/\/cofecon.org.br\/cofecon\/index.php?rest_route=%2Fwp%2Fv2%2Fcategories&post=3081"},{"taxonomy":"post_tag","embeddable":true,"href":"https:\/\/cofecon.org.br\/cofecon\/index.php?rest_route=%2Fwp%2Fv2%2Ftags&post=3081"}],"curies":[{"name":"wp","href":"https:\/\/api.w.org\/{rel}","templated":true}]}}