{"id":3029,"date":"2017-10-13T10:47:00","date_gmt":"2017-10-13T13:47:00","guid":{"rendered":"http:\/\/www.cofecon.org.br\/?p=3029"},"modified":"2017-10-13T10:47:00","modified_gmt":"2017-10-13T13:47:00","slug":"nobel-para-marx","status":"publish","type":"post","link":"https:\/\/cofecon.org.br\/cofecon\/?p=3029","title":{"rendered":"Artigo &#8211; Nobel para Marx"},"content":{"rendered":"<p style=\"text-align: justify;\"><span style=\"font-family: verdana,geneva,sans-serif; font-size: 12px;\">O Pr\u00eamio Nobel de Economia de 2017 foi concedido ao economista norte-americano Richard Thaler, da Universidade de Chicago, por seus estudos sobre a chamada racionalidade limitada, ou seja, que nem sempre as decis\u00f5es econ\u00f4micas primam pela racionalidade. Cr\u00edtico \u00e1cido das modelagens econ\u00f4micas, Thaler comunga das ideias de Robert Shiller, que em 2013 ganhou o Nobel por demonstrar como o comportamento irracional contribuiu para a forma\u00e7\u00e3o das chamadas \u201cbolhas\u201d nos pre\u00e7os de mercado na crise do <em>subprime<\/em>.<\/span><\/p>\n<p style=\"text-align: justify;\"><span style=\"font-family: verdana,geneva,sans-serif; font-size: 12px;\">Nessa linha, bem poderia a Real Academia Sueca de Ci\u00eancias conceder o Pr\u00eamio Nobel de Economia, ainda que de forma p\u00f3stuma, a Karl Marx, que h\u00e1 150 anos, ao estudar as entranhas do sistema capitalista, revelava que suas persistentes crises (ou crise permanente) se deviam n\u00e3o \u00e0 irracionalidade nas decis\u00f5es individuais, mas \u00e0 pr\u00f3pria irracionalidade do processo produtivo. Marx afirmava que a concorr\u00eancia provocava a anarquia da produ\u00e7\u00e3o pois, competindo entre si, os capitalistas colocavam produtos em excesso no mercado e, dada a limitada capacidade de consumo dos trabalhadores devido aos baixos sal\u00e1rios, geravam recorrentes crises de superprodu\u00e7\u00e3o. Ademais, no processo de concorr\u00eancia acirrada e violenta havia a elimina\u00e7\u00e3o dos produtores mais fracos, gerando um processo de acumula\u00e7\u00e3o do capital em poucas m\u00e3os e a proletariza\u00e7\u00e3o da sociedade, limitando a capacidade de investimento.<\/span><\/p>\n<p style=\"text-align: justify;\"><span style=\"font-family: verdana,geneva,sans-serif; font-size: 12px;\">Desde ent\u00e3o, o sistema capitalista se tornou cada vez mais irracional, assentado na extraordin\u00e1ria concentra\u00e7\u00e3o da renda e da riqueza, na extrema especula\u00e7\u00e3o dos mercados derivativos e na corrup\u00e7\u00e3o sist\u00eamica dos <em>lobbies<\/em>. Um bom exemplo \u00e9 o Brasil, onde o mercado comemorava ontem, com recorde na Bolsa de S\u00e3o Paulo, o voto do relator refutando a den\u00fancia da PGR contra Temer. Em suma, para o mercado pouco importa se Temer \u00e9 corrupto ou chefe de quadrilha, o que importa \u00e9 que ele toca as reformas que interessam ao mercado, mesmo que com apoio de apenas 3% do povo brasileiro.<\/span><\/p>\n<hr \/>\n<p style=\"text-align: justify;\"><span style=\"font-family: verdana,geneva,sans-serif; font-size: 12px;\"><strong>J\u00falio Miragaya, Presidente do Conselho Federal de Economia<\/strong><\/span><\/p>\n","protected":false},"excerpt":{"rendered":"<p>O Pr\u00eamio Nobel de Economia de 2017 foi concedido ao economista norte-americano Richard Thaler, da Universidade de Chicago, por seus estudos sobre a chamada racionalidade limitada, ou seja, que nem sempre as decis\u00f5es econ\u00f4micas primam pela racionalidade. Cr\u00edtico \u00e1cido das<\/p>\n<p><a class=\"more-link\" href=\"https:\/\/cofecon.org.br\/cofecon\/?p=3029\">Leia Mais<\/a><\/p>\n","protected":false},"author":1,"featured_media":3030,"comment_status":"open","ping_status":"open","sticky":false,"template":"","format":"standard","meta":{"footnotes":""},"categories":[6],"tags":[],"class_list":["post-3029","post","type-post","status-publish","format-standard","has-post-thumbnail","hentry","category-artigo"],"_links":{"self":[{"href":"https:\/\/cofecon.org.br\/cofecon\/index.php?rest_route=\/wp\/v2\/posts\/3029"}],"collection":[{"href":"https:\/\/cofecon.org.br\/cofecon\/index.php?rest_route=\/wp\/v2\/posts"}],"about":[{"href":"https:\/\/cofecon.org.br\/cofecon\/index.php?rest_route=\/wp\/v2\/types\/post"}],"author":[{"embeddable":true,"href":"https:\/\/cofecon.org.br\/cofecon\/index.php?rest_route=\/wp\/v2\/users\/1"}],"replies":[{"embeddable":true,"href":"https:\/\/cofecon.org.br\/cofecon\/index.php?rest_route=%2Fwp%2Fv2%2Fcomments&post=3029"}],"version-history":[{"count":0,"href":"https:\/\/cofecon.org.br\/cofecon\/index.php?rest_route=\/wp\/v2\/posts\/3029\/revisions"}],"wp:featuredmedia":[{"embeddable":true,"href":"https:\/\/cofecon.org.br\/cofecon\/index.php?rest_route=\/wp\/v2\/media\/3030"}],"wp:attachment":[{"href":"https:\/\/cofecon.org.br\/cofecon\/index.php?rest_route=%2Fwp%2Fv2%2Fmedia&parent=3029"}],"wp:term":[{"taxonomy":"category","embeddable":true,"href":"https:\/\/cofecon.org.br\/cofecon\/index.php?rest_route=%2Fwp%2Fv2%2Fcategories&post=3029"},{"taxonomy":"post_tag","embeddable":true,"href":"https:\/\/cofecon.org.br\/cofecon\/index.php?rest_route=%2Fwp%2Fv2%2Ftags&post=3029"}],"curies":[{"name":"wp","href":"https:\/\/api.w.org\/{rel}","templated":true}]}}