{"id":2991,"date":"2017-10-03T11:13:56","date_gmt":"2017-10-03T14:13:56","guid":{"rendered":"http:\/\/www.cofecon.org.br\/?p=2991"},"modified":"2017-10-03T11:13:56","modified_gmt":"2017-10-03T14:13:56","slug":"eleicoes-eletronicas-cadastro-de-senhas-ja-esta-disponivel","status":"publish","type":"post","link":"https:\/\/cofecon.org.br\/cofecon\/?p=2991","title":{"rendered":"Elei\u00e7\u00f5es eletr\u00f4nicas: cadastro de senhas j\u00e1 est\u00e1 dispon\u00edvel"},"content":{"rendered":"<p style=\"text-align: justify;\"><img loading=\"lazy\" decoding=\"async\" class=\"size-full wp-image-2992 alignleft\" src=\"http:\/\/cofecon.org.br\/cofecon\/wp-content\/uploads\/2017\/10\/eleicao_site.jpg\" alt=\"\" width=\"350\" height=\"250\" srcset=\"https:\/\/cofecon.org.br\/cofecon\/wp-content\/uploads\/2017\/10\/eleicao_site.jpg 350w, https:\/\/cofecon.org.br\/cofecon\/wp-content\/uploads\/2017\/10\/eleicao_site-300x214.jpg 300w\" sizes=\"(max-width: 350px) 100vw, 350px\" \/>Neste m\u00eas de outubro, economistas de todo o Pa\u00eds elegem um ter\u00e7o dos conselheiros efetivos e suplentes dos Conselhos Regionais de Economia, al\u00e9m de delegados eleitores efetivo e suplente para as elei\u00e7\u00f5es do Cofecon. As elei\u00e7\u00f5es ser\u00e3o feitas pela internet, por meio do site <a href=\"https:\/\/votaeconomista.org.br\/\/#\/region\"><strong><span style=\"text-decoration: underline;\">www.votaeconomista.org.br<\/span><\/strong><\/a>, de 8h do dia 30 de outubro \u00e0s 20h do dia 31 de outubro. Em breve ser\u00e3o divulgadas as chapas concorrentes de cada estado.<\/p>\n<p style=\"text-align: justify;\">A senha para vota\u00e7\u00e3o no site foi enviada via correspond\u00eancia a todos os economistas regularizados. No website \u00e9 permitido alter\u00e1-la ou recuper\u00e1-la. Nesse \u00faltimo caso, ser\u00e1 necess\u00e1rio informar CPF para localiza\u00e7\u00e3o do registro profissional e a senha provis\u00f3ria ser\u00e1 enviada por e-mail ou para o telefone celular cadastrado na base de dados do Col\u00e9gio Eleitoral.<\/p>\n<p style=\"text-align: justify;\">A participa\u00e7\u00e3o n\u00e3o \u00e9 obrigat\u00f3ria, mas nem todos os profissionais est\u00e3o aptos a votar. Os requisitos para vota\u00e7\u00e3o s\u00e3o os seguintes: \u00e9 preciso estar devidamente registrado no Conselho Regional de Economia do seu estado e adimplente com as anuidades e d\u00e9bitos de qualquer natureza perante o Regional, at\u00e9 cinco dias antes do in\u00edcio das elei\u00e7\u00f5es.<\/p>\n<p style=\"text-align: justify;\">A elei\u00e7\u00e3o eletr\u00f4nica \u00e9 totalmente segura, auditada por auditores externos, o que legitima o processo e o torna mais democr\u00e1tico, fortalecendo a representatividade da categoria.<\/p>\n<p style=\"text-align: justify;\">Participe e exer\u00e7a o seu direito ao voto!<\/p>\n","protected":false},"excerpt":{"rendered":"<p>Neste m\u00eas de outubro, economistas de todo o Pa\u00eds elegem um ter\u00e7o dos conselheiros efetivos e suplentes dos Conselhos Regionais de Economia, al\u00e9m de delegados eleitores efetivo e suplente para as elei\u00e7\u00f5es do Cofecon. As elei\u00e7\u00f5es ser\u00e3o feitas pela internet,<\/p>\n<p><a class=\"more-link\" href=\"https:\/\/cofecon.org.br\/cofecon\/?p=2991\">Leia Mais<\/a><\/p>\n","protected":false},"author":1,"featured_media":2992,"comment_status":"open","ping_status":"open","sticky":false,"template":"","format":"standard","meta":{"footnotes":""},"categories":[2],"tags":[],"class_list":["post-2991","post","type-post","status-publish","format-standard","has-post-thumbnail","hentry","category-noticias"],"_links":{"self":[{"href":"https:\/\/cofecon.org.br\/cofecon\/index.php?rest_route=\/wp\/v2\/posts\/2991"}],"collection":[{"href":"https:\/\/cofecon.org.br\/cofecon\/index.php?rest_route=\/wp\/v2\/posts"}],"about":[{"href":"https:\/\/cofecon.org.br\/cofecon\/index.php?rest_route=\/wp\/v2\/types\/post"}],"author":[{"embeddable":true,"href":"https:\/\/cofecon.org.br\/cofecon\/index.php?rest_route=\/wp\/v2\/users\/1"}],"replies":[{"embeddable":true,"href":"https:\/\/cofecon.org.br\/cofecon\/index.php?rest_route=%2Fwp%2Fv2%2Fcomments&post=2991"}],"version-history":[{"count":0,"href":"https:\/\/cofecon.org.br\/cofecon\/index.php?rest_route=\/wp\/v2\/posts\/2991\/revisions"}],"wp:featuredmedia":[{"embeddable":true,"href":"https:\/\/cofecon.org.br\/cofecon\/index.php?rest_route=\/wp\/v2\/media\/2992"}],"wp:attachment":[{"href":"https:\/\/cofecon.org.br\/cofecon\/index.php?rest_route=%2Fwp%2Fv2%2Fmedia&parent=2991"}],"wp:term":[{"taxonomy":"category","embeddable":true,"href":"https:\/\/cofecon.org.br\/cofecon\/index.php?rest_route=%2Fwp%2Fv2%2Fcategories&post=2991"},{"taxonomy":"post_tag","embeddable":true,"href":"https:\/\/cofecon.org.br\/cofecon\/index.php?rest_route=%2Fwp%2Fv2%2Ftags&post=2991"}],"curies":[{"name":"wp","href":"https:\/\/api.w.org\/{rel}","templated":true}]}}