{"id":2988,"date":"2017-10-03T11:05:44","date_gmt":"2017-10-03T14:05:44","guid":{"rendered":"http:\/\/www.cofecon.org.br\/?p=2988"},"modified":"2017-10-03T11:05:44","modified_gmt":"2017-10-03T14:05:44","slug":"artigo-liberdade-justica-e-emprego","status":"publish","type":"post","link":"https:\/\/cofecon.org.br\/cofecon\/?p=2988","title":{"rendered":"Artigo &#8211; Liberdade, Justi\u00e7a e Emprego"},"content":{"rendered":"<p style=\"text-align: justify;\">Liberdade para ir e vir. Liberdade de express\u00e3o. Liberdade para pensar. Liberdade de culto. \u00c9 desta \u00faltima que me ocupo neste artigo. As primeiras liberdades asseguram ao indiv\u00edduo as ferramentas para a busca da realiza\u00e7\u00e3o pessoal. A liberdade de culto, ao contr\u00e1rio, assegura \u00e0 comunidade e n\u00e3o apenas ao indiv\u00edduo, a realiza\u00e7\u00e3o plena do instituto de sociabilidade.<\/p>\n<p style=\"text-align: justify;\">Contida na B\u00edblia na forma de se fundar igrejas como meio de se evangelizar e previsto na Constitui\u00e7\u00e3o Federal de 1988, \u00e9, portanto um bem comum. Necess\u00e1ria a todos que praticam alguma religi\u00e3o. A liberdade de culto ou a liberdade religiosa, assim como as demais liberdades, s\u00e3o esteios das na\u00e7\u00f5es livres da opress\u00e3o do autoritarismo, inclusive o Brasil. N\u00e3o consigo pensar o Brasil democr\u00e1tico sem ver, ouvir e sentir a conviv\u00eancia harm\u00f4nica entre as diversas prega\u00e7\u00f5es religiosas. Eu sou crist\u00e3o- cat\u00f3lico cercado por crist\u00e3os-evang\u00e9licos por todos os lados familiares, e nossa conviv\u00eancia \u00e9 produtiva e harmoniosa. Essa conviv\u00eancia democr\u00e1tica em casa me permitiu acessar pela leitura os ensinamentos dos doutores das leis de outras religi\u00f5es e filosofias.<\/p>\n<p style=\"text-align: justify;\">O que seria da minha luta para superar os erros psicol\u00f3gicos da adolesc\u00eancia se n\u00e3o fossem, por exemplo, os ensinamentos dos doutores das leis japonesas que tive a oportunidade de ler? A descoberta da unidade psicol\u00f3gica existente em cada um de n\u00f3s do eu e do n\u00e3o eu? Passei a me relacionar melhor com a natureza ap\u00f3s ouvir as can\u00e7\u00f5es de Dorival Caimmy e do Vin\u00edcius de Moraes, de inspira\u00e7\u00e3o afro-brasileira. O que seria da cultura baiana sem a conviv\u00eancia harmoniosa das diversas religi\u00f5es ali apregoadas? O que seria do Brasil at\u00e9 2007 que, segundo relat\u00f3rio \u00cdndice de Hostilidades Sociais, realizado pela Funda\u00e7\u00e3o Pew, por motiva\u00e7\u00f5es religiosas o colocava entre os 25 pa\u00edses populosos com menor taxa de hostilidade social por motivos religiosos. (Fonte: \u201cIntoler\u00e2ncia religiosa: um basta \u00e9 necess\u00e1rio\u201d, por Danilo Molina, Correio Braziliense, 2.10.2017)<\/p>\n<p style=\"text-align: justify;\">Entretanto, em 2013 essa posi\u00e7\u00e3o inverteu-se perigosamente. Time que est\u00e1 ganhando n\u00e3o se mexe. E se mexer \u00e9 para melhorar. No caso, a mudan\u00e7a foi para pior. \u201cAs recentes cenas de agress\u00e3o contra terreiros de candombl\u00e9, em Nova Igua\u00e7u, na Baixada Fluminense, s\u00e3o o retrato da barb\u00e1rie para a qual caminha a sociedade brasileira\u201d. Mais, \u201cdesde 2015, no Distrito Federal e Entorno, terreiros de matriz africana v\u00eam sendo alvejados\u201d. De maneira que escrevo este artigo na esperan\u00e7a de que a intoler\u00e2ncia religiosa n\u00e3o tenha espa\u00e7o no DF e no Brasil. Liberdade de culto j\u00e1!<\/p>\n<p style=\"text-align: justify;\">Outro tema em discuss\u00e3o \u00e9 a justi\u00e7a. A justi\u00e7a \u00e9 o poder que separa o essencial e do n\u00e3o-essencial para se viver em coletividade. Por isso, precisa-se de uma justi\u00e7a competente, independente e atuante. Sempre. Ao lado do emprego. Quanto mais complexas se tornam a sociedade e a economia, mais necessidade teremos de justi\u00e7a e de pleno emprego. A sociedade brasileira convive numa economia complexa. E quanto mais complexa \u00e9 a economia, maior a necessidade do pleno emprego. Foi-se o tempo que defend\u00edamos o emprego porque era uma necessidade do jovem trabalhador se realizar enquanto cidad\u00e3o. De se tornar um indiv\u00edduo produtivo aos olhos da sociedade. Porque isso contribui para o aumento da fun\u00e7\u00e3o consumo das fam\u00edlias. Porque contribui para equilibrar as contas da Previd\u00eancia P\u00fablica e Privada. Na medida em que h\u00e1 uma pacto de gera\u00e7\u00f5es nas contas solid\u00e1rias de n\u00famero e valores das contribui\u00e7\u00e3o mensais e as despesas com pensionistas e aposentados.<\/p>\n<p style=\"text-align: justify;\">H\u00e1 que se notar agora uma outra vari\u00e1vel tamb\u00e9m solid\u00e1ria nas contas do receber e a pagar que \u00e9 o eixo da Lei n\u00ba 9.656 a que regula a Sa\u00fade Suplementar no Brasil. O funcionamento dos planos de sa\u00fade como rel\u00f3gio su\u00ed\u00e7o depende do n\u00edvel de emprego e da renda m\u00e9dia da economia.\u00a0 A quantidade de benefici\u00e1rios de planos de sa\u00fade do Brasil em agosto de 2017, ou seja, 47,3 milh\u00f5es de benefici\u00e1rios, regrediu ao n\u00famero de benefici\u00e1rios de dezembro de 2012, qual seja de 47,8 milh\u00f5es, segundo a Folha de S\u00e3o Paulo, em 30.09.2017. Em dezembro de 2014 esse n\u00famero foi de 50,41 milh\u00f5es.<\/p>\n<p style=\"text-align: justify;\">Acontece que a popula\u00e7\u00e3o envelhece. H\u00e1 tamb\u00e9m o avan\u00e7o da medicina e da farmacologia a cada dia no sentido de salvar vidas. E isso n\u00e3o \u00e9 barato. A equa\u00e7\u00e3o de menos benefici\u00e1rios contribuintes jovens e mais custos dos benefici\u00e1rios usu\u00e1rios da sa\u00fade suplementar s\u00f3 fecha com a eleva\u00e7\u00e3o das contribui\u00e7\u00f5es, o que afeta diretamente a renda da classe m\u00e9dia brasileira. Isso n\u00e3o seria a solu\u00e7\u00e3o ideal.<\/p>\n<p style=\"text-align: justify;\">A solu\u00e7\u00e3o ideal vem com a eleva\u00e7\u00e3o do emprego e da renda m\u00e9dia da popula\u00e7\u00e3o ativa. Com mais emprego e mais renda, maior a possibilidade de se elevar o n\u00famero de benefici\u00e1rios da sa\u00fade suplementar no Brasil. Por isso \u00e9 que mais que nunca se prega a ideia-for\u00e7a, pelo emprego. Para que a ideia se transforme em realidade, o PIB precisa crescer. Por que o crescimento do PIB brasileiro tem sido t\u00e3o baixo nos \u00faltimos tempos? Eu volto em outra oportunidade para tentar responder essa indaga\u00e7\u00e3o.<\/p>\n<p style=\"text-align: justify;\">Carlos Magno &#8211; Economista e Escritor.<\/p>\n<p>&nbsp;<\/p>\n","protected":false},"excerpt":{"rendered":"<p>Liberdade para ir e vir. Liberdade de express\u00e3o. Liberdade para pensar. Liberdade de culto. \u00c9 desta \u00faltima que me ocupo neste artigo. As primeiras liberdades asseguram ao indiv\u00edduo as ferramentas para a busca da realiza\u00e7\u00e3o pessoal. A liberdade de culto,<\/p>\n<p><a class=\"more-link\" href=\"https:\/\/cofecon.org.br\/cofecon\/?p=2988\">Leia Mais<\/a><\/p>\n","protected":false},"author":1,"featured_media":2989,"comment_status":"open","ping_status":"open","sticky":false,"template":"","format":"standard","meta":{"footnotes":""},"categories":[6],"tags":[],"class_list":["post-2988","post","type-post","status-publish","format-standard","has-post-thumbnail","hentry","category-artigo"],"_links":{"self":[{"href":"https:\/\/cofecon.org.br\/cofecon\/index.php?rest_route=\/wp\/v2\/posts\/2988"}],"collection":[{"href":"https:\/\/cofecon.org.br\/cofecon\/index.php?rest_route=\/wp\/v2\/posts"}],"about":[{"href":"https:\/\/cofecon.org.br\/cofecon\/index.php?rest_route=\/wp\/v2\/types\/post"}],"author":[{"embeddable":true,"href":"https:\/\/cofecon.org.br\/cofecon\/index.php?rest_route=\/wp\/v2\/users\/1"}],"replies":[{"embeddable":true,"href":"https:\/\/cofecon.org.br\/cofecon\/index.php?rest_route=%2Fwp%2Fv2%2Fcomments&post=2988"}],"version-history":[{"count":0,"href":"https:\/\/cofecon.org.br\/cofecon\/index.php?rest_route=\/wp\/v2\/posts\/2988\/revisions"}],"wp:featuredmedia":[{"embeddable":true,"href":"https:\/\/cofecon.org.br\/cofecon\/index.php?rest_route=\/wp\/v2\/media\/2989"}],"wp:attachment":[{"href":"https:\/\/cofecon.org.br\/cofecon\/index.php?rest_route=%2Fwp%2Fv2%2Fmedia&parent=2988"}],"wp:term":[{"taxonomy":"category","embeddable":true,"href":"https:\/\/cofecon.org.br\/cofecon\/index.php?rest_route=%2Fwp%2Fv2%2Fcategories&post=2988"},{"taxonomy":"post_tag","embeddable":true,"href":"https:\/\/cofecon.org.br\/cofecon\/index.php?rest_route=%2Fwp%2Fv2%2Ftags&post=2988"}],"curies":[{"name":"wp","href":"https:\/\/api.w.org\/{rel}","templated":true}]}}