{"id":2984,"date":"2017-09-28T11:44:42","date_gmt":"2017-09-28T14:44:42","guid":{"rendered":"http:\/\/www.cofecon.org.br\/?p=2984"},"modified":"2017-09-28T11:44:42","modified_gmt":"2017-09-28T14:44:42","slug":"corecon-pi-apoia-a-realizacao-de-palestra-de-marcio-pochmann-na-ufpi","status":"publish","type":"post","link":"https:\/\/cofecon.org.br\/cofecon\/?p=2984","title":{"rendered":"Corecon-PI apoia a realiza\u00e7\u00e3o de palestra de Marcio Pochmann na UFPI"},"content":{"rendered":"<p style=\"text-align: justify;\"><img loading=\"lazy\" decoding=\"async\" class=\"size-full wp-image-2985 alignleft\" src=\"http:\/\/cofecon.org.br\/cofecon\/wp-content\/uploads\/2017\/09\/marcio-pochmann_site.jpg\" alt=\"\" width=\"350\" height=\"250\" srcset=\"https:\/\/cofecon.org.br\/cofecon\/wp-content\/uploads\/2017\/09\/marcio-pochmann_site.jpg 350w, https:\/\/cofecon.org.br\/cofecon\/wp-content\/uploads\/2017\/09\/marcio-pochmann_site-300x214.jpg 300w\" sizes=\"(max-width: 350px) 100vw, 350px\" \/>O economista Marcio Pochmann ir\u00e1 ministrar palestra na Universidade Federal do Piau\u00ed (UFPI) sobre \u201cModelos alternativos (e concorrentes) de desenvolvimento econ\u00f4mico para o pa\u00eds\u201d. O evento ocorrer\u00e1 no dia 3 de outubro, \u00e0s 15h30, no Cine Teatro da UFPI e reunir\u00e1 economistas, estudantes e demais profissionais interessados. O evento \u00e9 uma iniciativa do Governo do Estado do Piau\u00ed, por meio da Funda\u00e7\u00e3o Centro de Pesquisas Econ\u00f4micas e Sociais do Piau\u00ed (CEPRO) e da Secretaria de Planejamento do Estado, e conta com o apoio do Conselho Regional de Economia do Piau\u00ed (Corecon-PI). A participa\u00e7\u00e3o \u00e9 gratuita.<\/p>\n<p style=\"text-align: justify;\">Al\u00e9m da palestra, o economista participar\u00e1 de reuni\u00f5es para apresentar um diagn\u00f3stico sobre o desenvolvimento econ\u00f4mico do Piau\u00ed no per\u00edodo de 2000 a 2015. Em seguida, haver\u00e1 um documento, constru\u00eddo em conjunto com representantes do governo estadual, no qual ser\u00e3o propostas a\u00e7\u00f5es para solucionar os principais problemas do estado. \u201cEstamos com uma grande expectativa, pois queremos ouvir sobre os rumos do Piau\u00ed. Acredito que muitos profissionais, estudantes e gestores est\u00e3o querendo ouvir uma an\u00e1lise do economista Marcio Pochmann\u201d, afirmou a presidente do Corecon-PI, Teresinha de Jesus Ferreira da Silva.<\/p>\n<p>&nbsp;<\/p>\n<p>Palestra com o economista Marcio Pochmann<\/p>\n<p>Data: 3 de outubro<\/p>\n<p>Hor\u00e1rio: 15h30<\/p>\n<p>Local: Cine Teatro da Universidade Federal do Piau\u00ed<\/p>\n<p>Participa\u00e7\u00e3o gratuita<\/p>\n<p>&nbsp;<\/p>\n<p>&nbsp;<\/p>\n<p>&nbsp;<\/p>\n","protected":false},"excerpt":{"rendered":"<p>O economista Marcio Pochmann ir\u00e1 ministrar palestra na Universidade Federal do Piau\u00ed (UFPI) sobre \u201cModelos alternativos (e concorrentes) de desenvolvimento econ\u00f4mico para o pa\u00eds\u201d. O evento ocorrer\u00e1 no dia 3 de outubro, \u00e0s 15h30, no Cine Teatro da UFPI e<\/p>\n<p><a class=\"more-link\" href=\"https:\/\/cofecon.org.br\/cofecon\/?p=2984\">Leia Mais<\/a><\/p>\n","protected":false},"author":1,"featured_media":2985,"comment_status":"open","ping_status":"open","sticky":false,"template":"","format":"standard","meta":{"footnotes":""},"categories":[2],"tags":[],"class_list":["post-2984","post","type-post","status-publish","format-standard","has-post-thumbnail","hentry","category-noticias"],"_links":{"self":[{"href":"https:\/\/cofecon.org.br\/cofecon\/index.php?rest_route=\/wp\/v2\/posts\/2984"}],"collection":[{"href":"https:\/\/cofecon.org.br\/cofecon\/index.php?rest_route=\/wp\/v2\/posts"}],"about":[{"href":"https:\/\/cofecon.org.br\/cofecon\/index.php?rest_route=\/wp\/v2\/types\/post"}],"author":[{"embeddable":true,"href":"https:\/\/cofecon.org.br\/cofecon\/index.php?rest_route=\/wp\/v2\/users\/1"}],"replies":[{"embeddable":true,"href":"https:\/\/cofecon.org.br\/cofecon\/index.php?rest_route=%2Fwp%2Fv2%2Fcomments&post=2984"}],"version-history":[{"count":0,"href":"https:\/\/cofecon.org.br\/cofecon\/index.php?rest_route=\/wp\/v2\/posts\/2984\/revisions"}],"wp:featuredmedia":[{"embeddable":true,"href":"https:\/\/cofecon.org.br\/cofecon\/index.php?rest_route=\/wp\/v2\/media\/2985"}],"wp:attachment":[{"href":"https:\/\/cofecon.org.br\/cofecon\/index.php?rest_route=%2Fwp%2Fv2%2Fmedia&parent=2984"}],"wp:term":[{"taxonomy":"category","embeddable":true,"href":"https:\/\/cofecon.org.br\/cofecon\/index.php?rest_route=%2Fwp%2Fv2%2Fcategories&post=2984"},{"taxonomy":"post_tag","embeddable":true,"href":"https:\/\/cofecon.org.br\/cofecon\/index.php?rest_route=%2Fwp%2Fv2%2Ftags&post=2984"}],"curies":[{"name":"wp","href":"https:\/\/api.w.org\/{rel}","templated":true}]}}