{"id":2981,"date":"2017-09-28T11:06:59","date_gmt":"2017-09-28T14:06:59","guid":{"rendered":"http:\/\/www.cofecon.org.br\/?p=2981"},"modified":"2017-09-28T11:06:59","modified_gmt":"2017-09-28T14:06:59","slug":"artigo-pobre-paga-mais","status":"publish","type":"post","link":"https:\/\/cofecon.org.br\/cofecon\/?p=2981","title":{"rendered":"Artigo &#8211; Pobre paga mais"},"content":{"rendered":"<p style=\"text-align: justify;\">\u201cPobre paga mais imposto do que rico\u201d foi a manchete do Jornal de Bras\u00edlia da edi\u00e7\u00e3o de anteontem referente \u00e0 excelente mat\u00e9ria sobre o estudo elaborado pela OXFAM Brasil, intitulado \u201cA dist\u00e2ncia que nos une, um retrato das desigualdades brasileiras\u201d, o qual revela que os 10% mais ricos do Pa\u00eds t\u00eam 21% de sua renda absorvida por impostos, ao passo que o \u201cLe\u00e3o\u201d leva 32% da renda dos mais pobres.<\/p>\n<p style=\"text-align: justify;\">Outros dados do estudo s\u00e3o ainda mais alarmantes: a riqueza acumulada pelo 1% mais rico da popula\u00e7\u00e3o brasileira (cerca de 2 milh\u00f5es de pessoas) correspondia, em 2016, a 48% do total, ao passo que a riqueza detida pelos 50% mais pobres (104 milh\u00f5es de pessoas) era de apenas 3%, ou seja, uma diferen\u00e7a de incr\u00edveis 800 vezes.<\/p>\n<p style=\"text-align: justify;\">O estudo da OXFAM \u00e9 mais um entre outros j\u00e1 comentados nesta coluna que abordam a quest\u00e3o do aumento da concentra\u00e7\u00e3o da renda e da riqueza e, consequentemente, da desigualdade em nosso Pa\u00eds e no mundo.<\/p>\n<p style=\"text-align: justify;\">A OXFAM Brasil coordena, junto com o Conselho Federal de Economia, o F\u00f3rum Nacional pela Redu\u00e7\u00e3o da Desigualdade Social, respons\u00e1vel pela Campanha pela Redu\u00e7\u00e3o da Desigualdade Social no Brasil, que congrega 30 entidades nacionais e tem como eixo central a mudan\u00e7a de nosso modelo tribut\u00e1rio, fortemente regressivo. Temos insistido que o problema n\u00e3o \u00e9 que a carga tribut\u00e1ria brasileira (32% do PIB) seja elevada, mas sim pessimamente distribu\u00edda. A arrecada\u00e7\u00e3o, assentada em tributos indiretos, al\u00e9m de inibir o consumo, acarreta que os maiores contribuintes sejam a classe trabalhadora e a classe m\u00e9dia, com os mais ricos, proporcionalmente, contribuindo menos. Em s\u00edntese, nosso modelo tribut\u00e1rio \u00e9 economicamente irracional e socialmente injusto.<\/p>\n<p style=\"text-align: justify;\">O fato \u00e9 que o sistema capitalista construiu, ao longo dos seus 250 anos de exist\u00eancia, diversos mecanismos de apropria\u00e7\u00e3o da renda e da riqueza pelos detentores do capital, e o sistema tribut\u00e1rio talvez seja o de maior efetividade. Se desejamos uma sociedade mais s\u00e3, \u00e9 preciso combater a desigualdade.<\/p>\n<p style=\"text-align: justify;\"><strong>\u00a0<\/strong><\/p>\n<p style=\"text-align: justify;\"><strong>J\u00falio Miragaya, Presidente do Conselho Federal de Economia<\/strong><\/p>\n","protected":false},"excerpt":{"rendered":"<p>\u201cPobre paga mais imposto do que rico\u201d foi a manchete do Jornal de Bras\u00edlia da edi\u00e7\u00e3o de anteontem referente \u00e0 excelente mat\u00e9ria sobre o estudo elaborado pela OXFAM Brasil, intitulado \u201cA dist\u00e2ncia que nos une, um retrato das desigualdades brasileiras\u201d,<\/p>\n<p><a class=\"more-link\" href=\"https:\/\/cofecon.org.br\/cofecon\/?p=2981\">Leia Mais<\/a><\/p>\n","protected":false},"author":1,"featured_media":2982,"comment_status":"open","ping_status":"open","sticky":false,"template":"","format":"standard","meta":{"footnotes":""},"categories":[6],"tags":[],"class_list":["post-2981","post","type-post","status-publish","format-standard","has-post-thumbnail","hentry","category-artigo"],"_links":{"self":[{"href":"https:\/\/cofecon.org.br\/cofecon\/index.php?rest_route=\/wp\/v2\/posts\/2981"}],"collection":[{"href":"https:\/\/cofecon.org.br\/cofecon\/index.php?rest_route=\/wp\/v2\/posts"}],"about":[{"href":"https:\/\/cofecon.org.br\/cofecon\/index.php?rest_route=\/wp\/v2\/types\/post"}],"author":[{"embeddable":true,"href":"https:\/\/cofecon.org.br\/cofecon\/index.php?rest_route=\/wp\/v2\/users\/1"}],"replies":[{"embeddable":true,"href":"https:\/\/cofecon.org.br\/cofecon\/index.php?rest_route=%2Fwp%2Fv2%2Fcomments&post=2981"}],"version-history":[{"count":0,"href":"https:\/\/cofecon.org.br\/cofecon\/index.php?rest_route=\/wp\/v2\/posts\/2981\/revisions"}],"wp:featuredmedia":[{"embeddable":true,"href":"https:\/\/cofecon.org.br\/cofecon\/index.php?rest_route=\/wp\/v2\/media\/2982"}],"wp:attachment":[{"href":"https:\/\/cofecon.org.br\/cofecon\/index.php?rest_route=%2Fwp%2Fv2%2Fmedia&parent=2981"}],"wp:term":[{"taxonomy":"category","embeddable":true,"href":"https:\/\/cofecon.org.br\/cofecon\/index.php?rest_route=%2Fwp%2Fv2%2Fcategories&post=2981"},{"taxonomy":"post_tag","embeddable":true,"href":"https:\/\/cofecon.org.br\/cofecon\/index.php?rest_route=%2Fwp%2Fv2%2Ftags&post=2981"}],"curies":[{"name":"wp","href":"https:\/\/api.w.org\/{rel}","templated":true}]}}