{"id":28422,"date":"2026-09-01T17:24:03","date_gmt":"2026-09-01T20:24:03","guid":{"rendered":"https:\/\/cofecon.org.br\/cofecon\/?p=28422"},"modified":"2026-09-01T17:24:04","modified_gmt":"2026-09-01T20:24:04","slug":"tania-teixeira-crescimento-de-05-ocorre-em-ambiente-de-politica-monetaria-restritiva","status":"publish","type":"post","link":"https:\/\/cofecon.org.br\/cofecon\/?p=28422","title":{"rendered":"Tania Teixeira: \u201cCrescimento de 0,5% ocorre em ambiente de pol\u00edtica monet\u00e1ria restritiva\u201d\u00a0"},"content":{"rendered":"\n<p><em>Presidenta do Cofecon comentou o resultado do PIB do segundo trimestre do ano e destacou a necessidade de \u201cuma trajet\u00f3ria de juros que seja compat\u00edvel com a retomada dos investimentos\u201d<\/em>\u00a0<\/p>\n\n\n\n<p><\/p>\n\n\n\n<p>O Instituto Brasileiro de Geografia e Estat\u00edstica divulgou nesta ter\u00e7a-feira (1\u00ba\/09) o Produto Interno Bruto (PIB) brasileiro, com alta de 0,5% no segundo trimestre de 2026 na compara\u00e7\u00e3o com os tr\u00eas primeiros meses do ano. No acumulado dos \u00faltimos quatro per\u00edodos a alta \u00e9 de 1,9% em rela\u00e7\u00e3o aos quatro trimestres imediatamente anteriores.&nbsp;<\/p>\n\n\n\n<p>Pela \u00f3tica da produ\u00e7\u00e3o, o principal destaque foi a&nbsp;agropecu\u00e1ria, que cresceu 2,8% no trimestre. O&nbsp;setor de&nbsp;servi\u00e7os teve&nbsp;alta de 0,2%, enquanto a&nbsp;ind\u00fastria avan\u00e7ou 0,1%.&nbsp;J\u00e1 na \u00f3tica da demanda, o consumo das fam\u00edlias teve um recuo de 0,4%&nbsp;(ap\u00f3s uma alta de 0,8% no primeiro trimestre) e o do governo cresceu 0,4%.&nbsp;<\/p>\n\n\n\n<p>Os investimentos tiveram alta de 1,2% sobre o trimestre anterior. A forma\u00e7\u00e3o bruta de capital fixo foi de 16,1% do PIB e a taxa de poupan\u00e7a foi de 16,6%. No setor externo, as exporta\u00e7\u00f5es recuaram 0,8% e as importa\u00e7\u00f5es aumentaram 1,8%.&nbsp;<\/p>\n\n\n\n<p>\u201cO resultado do segundo trimestre n\u00e3o deve ser interpretado de forma isolada. \u00c9 importante observar que este crescimento de 0,5% ocorre em um ambiente com a pol\u00edtica monet\u00e1ria bastante restritiva, tendo a Selic ainda em 14% ao ano\u201d, observa a presidenta do Cofecon, Tania Cristina Teixeira. \u201cA economia brasileira demonstra resili\u00eancia, mas o custo desta pol\u00edtica aparece em alguns componentes importantes da atividade. O consumo das fam\u00edlias recuou, mesmo com o desemprego em queda, e a ind\u00fastria teve uma alta pequena. Estes dois elementos s\u00e3o muito sens\u00edveis \u00e0s condi\u00e7\u00f5es do cr\u00e9dito\u201d.&nbsp;<\/p>\n\n\n\n<p>\u201cO comportamento dos investimentos \u00e9 importante. Para que o Brasil consiga sustentar taxas mais elevadas de crescimento no m\u00e9dio e longo prazo, precisamos transformar este movimento em uma trajet\u00f3ria consistente de amplia\u00e7\u00e3o da capacidade produtiva\u201d, prossegue Tania Teixeira. \u201cPrecisamos de uma trajet\u00f3ria de juros que seja compat\u00edvel com a retomada dos investimentos e com um crescimento econ\u00f4mico mais robusto e duradouro\u201d.&nbsp;<\/p>\n\n\n\n<p><strong>Crescimento no primeiro semestre foi de 1,9%<\/strong>&nbsp;<\/p>\n\n\n\n<p>Nos primeiros seis meses do ano, a alta do PIB foi de 1,9% na compara\u00e7\u00e3o com o mesmo per\u00edodo do ano passado. Todos os setores tiveram desempenho positivo, com a agropecu\u00e1ria crescendo 3,6%, a ind\u00fastria 1,6% e o setor de servi\u00e7os 1,8%. Na an\u00e1lise da demanda interna, houve&nbsp;aumento de 1,1% no consumo das fam\u00edlias e 2,9% na despesa de consumo do governo. A forma\u00e7\u00e3o bruta de capital fixo ficou est\u00e1vel e, no setor externo, houve aumento das exporta\u00e7\u00f5es (5,5%) e das importa\u00e7\u00f5es (3,4%) de bens e servi\u00e7os.&nbsp;<\/p>\n","protected":false},"excerpt":{"rendered":"<p>Presidenta do Cofecon comentou o resultado do PIB do segundo trimestre do ano e destacou a necessidade de \u201cuma trajet\u00f3ria de juros que seja compat\u00edvel com a retomada dos investimentos\u201d\u00a0 O Instituto Brasileiro de Geografia e Estat\u00edstica divulgou nesta ter\u00e7a-feira<\/p>\n<p><a class=\"more-link\" href=\"https:\/\/cofecon.org.br\/cofecon\/?p=28422\">Leia Mais<\/a><\/p>\n","protected":false},"author":3,"featured_media":28423,"comment_status":"closed","ping_status":"closed","sticky":false,"template":"","format":"standard","meta":{"footnotes":""},"categories":[1],"tags":[],"class_list":["post-28422","post","type-post","status-publish","format-standard","has-post-thumbnail","hentry","category-sem-categoria"],"_links":{"self":[{"href":"https:\/\/cofecon.org.br\/cofecon\/index.php?rest_route=\/wp\/v2\/posts\/28422"}],"collection":[{"href":"https:\/\/cofecon.org.br\/cofecon\/index.php?rest_route=\/wp\/v2\/posts"}],"about":[{"href":"https:\/\/cofecon.org.br\/cofecon\/index.php?rest_route=\/wp\/v2\/types\/post"}],"author":[{"embeddable":true,"href":"https:\/\/cofecon.org.br\/cofecon\/index.php?rest_route=\/wp\/v2\/users\/3"}],"replies":[{"embeddable":true,"href":"https:\/\/cofecon.org.br\/cofecon\/index.php?rest_route=%2Fwp%2Fv2%2Fcomments&post=28422"}],"version-history":[{"count":1,"href":"https:\/\/cofecon.org.br\/cofecon\/index.php?rest_route=\/wp\/v2\/posts\/28422\/revisions"}],"predecessor-version":[{"id":28424,"href":"https:\/\/cofecon.org.br\/cofecon\/index.php?rest_route=\/wp\/v2\/posts\/28422\/revisions\/28424"}],"wp:featuredmedia":[{"embeddable":true,"href":"https:\/\/cofecon.org.br\/cofecon\/index.php?rest_route=\/wp\/v2\/media\/28423"}],"wp:attachment":[{"href":"https:\/\/cofecon.org.br\/cofecon\/index.php?rest_route=%2Fwp%2Fv2%2Fmedia&parent=28422"}],"wp:term":[{"taxonomy":"category","embeddable":true,"href":"https:\/\/cofecon.org.br\/cofecon\/index.php?rest_route=%2Fwp%2Fv2%2Fcategories&post=28422"},{"taxonomy":"post_tag","embeddable":true,"href":"https:\/\/cofecon.org.br\/cofecon\/index.php?rest_route=%2Fwp%2Fv2%2Ftags&post=28422"}],"curies":[{"name":"wp","href":"https:\/\/api.w.org\/{rel}","templated":true}]}}