{"id":28419,"date":"2026-09-01T15:18:26","date_gmt":"2026-09-01T18:18:26","guid":{"rendered":"https:\/\/cofecon.org.br\/cofecon\/?p=28419"},"modified":"2026-09-01T15:18:27","modified_gmt":"2026-09-01T18:18:27","slug":"premio-ics-anpec-de-economia-clima-tem-inscricoes-abertas-ate-18-09","status":"publish","type":"post","link":"https:\/\/cofecon.org.br\/cofecon\/?p=28419","title":{"rendered":"Pr\u00eamio\u00a0iCS-ANPEC de Economia &amp; Clima\u00a0tem inscri\u00e7\u00f5es abertas at\u00e9 18\/09\u00a0"},"content":{"rendered":"\n<p><em>Iniciativa reconhece pesquisas sobre a rela\u00e7\u00e3o entre economia e mudan\u00e7as clim\u00e1ticas e\u00a0distribui um total de R$ 35 mil<\/em>\u00a0<\/p>\n\n\n\n<p>Est\u00e3o abertas at\u00e9&nbsp;o dia&nbsp;18 de setembro de 2026 as inscri\u00e7\u00f5es para o Pr\u00eamio&nbsp;iCS-ANPEC de Economia &amp; Clima \u2013 Edi\u00e7\u00e3o 2026, iniciativa do Instituto Clima e Sociedade (iCS), por meio do Hub de Economia e Clima, em parceria com a Associa\u00e7\u00e3o Nacional dos Centros de P\u00f3s-Gradua\u00e7\u00e3o em Economia (ANPEC).&nbsp;A premia\u00e7\u00e3o&nbsp;busca estimular a produ\u00e7\u00e3o e a dissemina\u00e7\u00e3o de conhecimento cient\u00edfico sobre a interface entre economia e clima.&nbsp;<\/p>\n\n\n\n<p>Os tr\u00eas trabalhos mais bem classificados receber\u00e3o premia\u00e7\u00e3o em dinheiro. O primeiro colocado receber\u00e1 R$ 20 mil, enquanto o segundo e o terceiro colocados receber\u00e3o, respectivamente, R$ 10 mil e R$ 5 mil. A Comiss\u00e3o Avaliadora tamb\u00e9m poder\u00e1 conceder men\u00e7\u00f5es honrosas. Ao todo, ser\u00e3o distribu\u00eddos R$ 35 mil.&nbsp;O&nbsp;resultado final&nbsp;est\u00e1 previsto para 23 de novembro, e a cerim\u00f4nia de premia\u00e7\u00e3o ser\u00e1 realizada em 15 de dezembro de 2026.&nbsp;<\/p>\n\n\n\n<p>O link de inscri\u00e7\u00f5es pode ser acessado clicando <a href=\"https:\/\/hubdeeconomiaeclima.org.br\/premio-ics-anpec-de-economia-e-clima\/\" data-type=\"link\" data-id=\"https:\/\/hubdeeconomiaeclima.org.br\/premio-ics-anpec-de-economia-e-clima\/\">AQUI<\/a>, onde tamb\u00e9m \u00e9 poss\u00edvel encontrar informa\u00e7\u00f5es adicionais e um link para o regulamento completo.\u00a0<\/p>\n\n\n\n<p><strong>O pr\u00eamio<\/strong>&nbsp;<\/p>\n\n\n\n<p>O pr\u00eamio&nbsp;\u00e9 voltado&nbsp;a pesquisadores brasileiros com t\u00edtulo de doutorado que tenham estudos publicados entre 1\u00ba de maio de 2024 e 1\u00ba de maio de 2026 em peri\u00f3dicos cient\u00edficos nacionais ou internacionais classificados entre A1 e B2 no Qualis-Capes, nas \u00e1reas de Economia ou correlatas. Tamb\u00e9m&nbsp;s\u00e3o aceitos artigos apresentados em encontros nacionais e regionais de economia da ANPEC.&nbsp;<\/p>\n\n\n\n<p>Al\u00e9m de atender aos crit\u00e9rios de publica\u00e7\u00e3o, o autor deve possuir v\u00ednculo institucional com uma institui\u00e7\u00e3o de ci\u00eancia, tecnologia e inova\u00e7\u00e3o brasileira, p\u00fablica ou privada, no momento da inscri\u00e7\u00e3o. A participa\u00e7\u00e3o de coautores \u00e9 permitida, desde que o autor principal cumpra os requisitos de elegibilidade.&nbsp;<\/p>\n\n\n\n<p>Podem ser inscritos trabalhos em tr\u00eas linhas tem\u00e1ticas:&nbsp;macroeconomia e clima\/meio ambiente; custos econ\u00f4micos e sociais da ina\u00e7\u00e3o; e pol\u00edtica fiscal e incentivos econ\u00f4micos relacionados ao clima.&nbsp;<\/p>\n\n\n\n<p>De acordo com os organizadores, a parceria com a ANPEC busca aproximar a premia\u00e7\u00e3o da comunidade acad\u00eamica e ampliar o alcance dos estudos produzidos na \u00e1rea. A iniciativa pretende reconhecer trabalhos que, al\u00e9m da&nbsp;qualidade cient\u00edfica, apresentem contribui\u00e7\u00f5es relevantes e aplic\u00e1veis, capazes de subsidiar decis\u00f5es e contribuir para uma transi\u00e7\u00e3o clim\u00e1tica justa, eficiente e baseada em evid\u00eancias.<\/p>\n","protected":false},"excerpt":{"rendered":"<p>Iniciativa reconhece pesquisas sobre a rela\u00e7\u00e3o entre economia e mudan\u00e7as clim\u00e1ticas e\u00a0distribui um total de R$ 35 mil\u00a0 Est\u00e3o abertas at\u00e9&nbsp;o dia&nbsp;18 de setembro de 2026 as inscri\u00e7\u00f5es para o Pr\u00eamio&nbsp;iCS-ANPEC de Economia &amp; Clima \u2013 Edi\u00e7\u00e3o 2026, iniciativa do<\/p>\n<p><a class=\"more-link\" href=\"https:\/\/cofecon.org.br\/cofecon\/?p=28419\">Leia Mais<\/a><\/p>\n","protected":false},"author":3,"featured_media":28420,"comment_status":"closed","ping_status":"closed","sticky":false,"template":"","format":"standard","meta":{"footnotes":""},"categories":[1],"tags":[],"class_list":["post-28419","post","type-post","status-publish","format-standard","has-post-thumbnail","hentry","category-sem-categoria"],"_links":{"self":[{"href":"https:\/\/cofecon.org.br\/cofecon\/index.php?rest_route=\/wp\/v2\/posts\/28419"}],"collection":[{"href":"https:\/\/cofecon.org.br\/cofecon\/index.php?rest_route=\/wp\/v2\/posts"}],"about":[{"href":"https:\/\/cofecon.org.br\/cofecon\/index.php?rest_route=\/wp\/v2\/types\/post"}],"author":[{"embeddable":true,"href":"https:\/\/cofecon.org.br\/cofecon\/index.php?rest_route=\/wp\/v2\/users\/3"}],"replies":[{"embeddable":true,"href":"https:\/\/cofecon.org.br\/cofecon\/index.php?rest_route=%2Fwp%2Fv2%2Fcomments&post=28419"}],"version-history":[{"count":1,"href":"https:\/\/cofecon.org.br\/cofecon\/index.php?rest_route=\/wp\/v2\/posts\/28419\/revisions"}],"predecessor-version":[{"id":28421,"href":"https:\/\/cofecon.org.br\/cofecon\/index.php?rest_route=\/wp\/v2\/posts\/28419\/revisions\/28421"}],"wp:featuredmedia":[{"embeddable":true,"href":"https:\/\/cofecon.org.br\/cofecon\/index.php?rest_route=\/wp\/v2\/media\/28420"}],"wp:attachment":[{"href":"https:\/\/cofecon.org.br\/cofecon\/index.php?rest_route=%2Fwp%2Fv2%2Fmedia&parent=28419"}],"wp:term":[{"taxonomy":"category","embeddable":true,"href":"https:\/\/cofecon.org.br\/cofecon\/index.php?rest_route=%2Fwp%2Fv2%2Fcategories&post=28419"},{"taxonomy":"post_tag","embeddable":true,"href":"https:\/\/cofecon.org.br\/cofecon\/index.php?rest_route=%2Fwp%2Fv2%2Ftags&post=28419"}],"curies":[{"name":"wp","href":"https:\/\/api.w.org\/{rel}","templated":true}]}}