{"id":27724,"date":"2026-04-28T15:55:50","date_gmt":"2026-04-28T18:55:50","guid":{"rendered":"https:\/\/cofecon.org.br\/cofecon\/?p=27724"},"modified":"2026-04-28T15:55:51","modified_gmt":"2026-04-28T18:55:51","slug":"lacerda-defende-estimulo-ao-consumo-e-fim-da-jornada-6-por-1","status":"publish","type":"post","link":"https:\/\/cofecon.org.br\/cofecon\/?p=27724","title":{"rendered":"Lacerda defende est\u00edmulo ao consumo\u00a0e fim da jornada 6 por 1\u00a0"},"content":{"rendered":"\n<p><em>Conselheiro federal falou \u00e0 revista Carta Capital, em mat\u00e9ria publicada na edi\u00e7\u00e3o impressa,\u00a0sobre as medidas de est\u00edmulo econ\u00f4mico<\/em>\u00a0<\/p>\n\n\n\n<p>O conselheiro federal&nbsp;Antonio&nbsp;Corr\u00eaa de Lacerda falou \u00e0 revista Carta Capital&nbsp;em uma mat\u00e9ria que discute o conjunto de medidas econ\u00f4micas em estudo pelo governo federal. Entre elas, destacam-se o programa de renegocia\u00e7\u00e3o de d\u00edvidas, o fim da escala 6 por 1, a&nbsp;possibilidade de zerar tarifas de transporte p\u00fablico&nbsp;e pol\u00edticas de est\u00edmulo ao consumo.&nbsp;<\/p>\n\n\n\n<p>Lacerda destaca que a renegocia\u00e7\u00e3o de d\u00edvidas pode reativar a demanda agregada ao reabilitar o consumo das fam\u00edlias, funcionando como um impulso relevante para a atividade econ\u00f4mica.&nbsp;Sobre o fim da jornada 6 por 1, o economista mencionou que \u201ctem um impacto positivo na produtividade, ao contr\u00e1rio do que defendem os conservadores, que a veem como empecilho\u201d.&nbsp;<\/p>\n\n\n\n<p>O conselheiro federal&nbsp;tamb\u00e9m defendeu o Plano Brasil Soberano 2, em elabora\u00e7\u00e3o pelo governo federal, devido ao resultado positivo para as empresas atingidas pelos efeitos da guerra no Oriente M\u00e9dio, devido \u00e0 eleva\u00e7\u00e3o dos pre\u00e7os dos combust\u00edveis e outros insumos.&nbsp;<\/p>\n\n\n\n<p>A mat\u00e9ria tamb\u00e9m aborda os limites impostos pelo atual&nbsp;momento macroecon\u00f4mico,&nbsp;que dificultam a implementa\u00e7\u00e3o de pol\u00edticas mais estruturais. Nesse cen\u00e1rio, refor\u00e7a-se a tens\u00e3o entre medidas de curto prazo, voltadas ao al\u00edvio imediato, e a necessidade de reformas mais profundas para enfrentar problemas estruturais como o alto endividamento das fam\u00edlias.&nbsp;<\/p>\n\n\n\n<p>O texto completo pode ser lido\u00a0na edi\u00e7\u00e3o impressa da Carta Capital. Assinantes podem conferir no portal clicando <a href=\"https:\/\/www.cartacapital.com.br\/economia\/a-polemica-das-blusinhas\/\" data-type=\"link\" data-id=\"https:\/\/www.cartacapital.com.br\/economia\/a-polemica-das-blusinhas\/\">AQUI<\/a> <\/p>\n\n\n\n<p><\/p>\n","protected":false},"excerpt":{"rendered":"<p>Conselheiro federal falou \u00e0 revista Carta Capital, em mat\u00e9ria publicada na edi\u00e7\u00e3o impressa,\u00a0sobre as medidas de est\u00edmulo econ\u00f4mico\u00a0 O conselheiro federal&nbsp;Antonio&nbsp;Corr\u00eaa de Lacerda falou \u00e0 revista Carta Capital&nbsp;em uma mat\u00e9ria que discute o conjunto de medidas econ\u00f4micas em estudo pelo<\/p>\n<p><a class=\"more-link\" href=\"https:\/\/cofecon.org.br\/cofecon\/?p=27724\">Leia Mais<\/a><\/p>\n","protected":false},"author":3,"featured_media":27725,"comment_status":"closed","ping_status":"closed","sticky":false,"template":"","format":"standard","meta":{"footnotes":""},"categories":[2],"tags":[],"class_list":["post-27724","post","type-post","status-publish","format-standard","has-post-thumbnail","hentry","category-noticias"],"_links":{"self":[{"href":"https:\/\/cofecon.org.br\/cofecon\/index.php?rest_route=\/wp\/v2\/posts\/27724"}],"collection":[{"href":"https:\/\/cofecon.org.br\/cofecon\/index.php?rest_route=\/wp\/v2\/posts"}],"about":[{"href":"https:\/\/cofecon.org.br\/cofecon\/index.php?rest_route=\/wp\/v2\/types\/post"}],"author":[{"embeddable":true,"href":"https:\/\/cofecon.org.br\/cofecon\/index.php?rest_route=\/wp\/v2\/users\/3"}],"replies":[{"embeddable":true,"href":"https:\/\/cofecon.org.br\/cofecon\/index.php?rest_route=%2Fwp%2Fv2%2Fcomments&post=27724"}],"version-history":[{"count":1,"href":"https:\/\/cofecon.org.br\/cofecon\/index.php?rest_route=\/wp\/v2\/posts\/27724\/revisions"}],"predecessor-version":[{"id":27726,"href":"https:\/\/cofecon.org.br\/cofecon\/index.php?rest_route=\/wp\/v2\/posts\/27724\/revisions\/27726"}],"wp:featuredmedia":[{"embeddable":true,"href":"https:\/\/cofecon.org.br\/cofecon\/index.php?rest_route=\/wp\/v2\/media\/27725"}],"wp:attachment":[{"href":"https:\/\/cofecon.org.br\/cofecon\/index.php?rest_route=%2Fwp%2Fv2%2Fmedia&parent=27724"}],"wp:term":[{"taxonomy":"category","embeddable":true,"href":"https:\/\/cofecon.org.br\/cofecon\/index.php?rest_route=%2Fwp%2Fv2%2Fcategories&post=27724"},{"taxonomy":"post_tag","embeddable":true,"href":"https:\/\/cofecon.org.br\/cofecon\/index.php?rest_route=%2Fwp%2Fv2%2Ftags&post=27724"}],"curies":[{"name":"wp","href":"https:\/\/api.w.org\/{rel}","templated":true}]}}