{"id":27721,"date":"2026-04-28T15:54:18","date_gmt":"2026-04-28T18:54:18","guid":{"rendered":"https:\/\/cofecon.org.br\/cofecon\/?p=27721"},"modified":"2026-04-28T15:54:19","modified_gmt":"2026-04-28T18:54:19","slug":"manaus-recebera-iv-seminario-nacional-da-mulher-economista-e-diversidade","status":"publish","type":"post","link":"https:\/\/cofecon.org.br\/cofecon\/?p=27721","title":{"rendered":"Manaus receber\u00e1 IV Semin\u00e1rio Nacional da Mulher Economista e Diversidade\u00a0"},"content":{"rendered":"\n<p><em>Evento acontecer\u00e1 nos dias 18 e 19 de junho e discutir\u00e1 temas como empreendedorismo, inclus\u00e3o, protagonismo feminino e os desafios do S\u00e9culo XXI<\/em>\u00a0<\/p>\n\n\n\n<p>\u201cProtagonismo da Mulher: Empreendedorismo, Educa\u00e7\u00e3o e Sociedade\u201d. Este \u00e9 o tema do IV Semin\u00e1rio Nacional da Mulher Economista e Diversidade, que ser\u00e1 realizado nos dias 18 e 19 de junho, em Manaus.\u00a0O evento reunir\u00e1 economistas, estudantes, representantes do setor p\u00fablico e privado e especialistas de diversas regi\u00f5es do pa\u00eds para debater os desafios e as oportunidades da atua\u00e7\u00e3o feminina na economia contempor\u00e2nea e na profiss\u00e3o de economista. Os participantes inscritos ter\u00e3o direito a certificado.\u00a0Inscreva-se gratuitamente clicando <a href=\"https:\/\/www.even3.com.br\/iv-seminario-nacional-da-mulher-economista-e-diversidade-729388\/\">AQUI<\/a>.<\/p>\n\n\n\n<p>Realizado na sede da Federa\u00e7\u00e3o das Ind\u00fastrias do Estado do Amazonas (FIEAM), o semin\u00e1rio \u00e9 organizado pelo Cofecon e pelo&nbsp;Corecon-AM\/RR e tem como objetivo fortalecer a presen\u00e7a das mulheres em espa\u00e7os de decis\u00e3o e estimular a formula\u00e7\u00e3o de pol\u00edticas p\u00fablicas inclusivas.&nbsp;&nbsp;<\/p>\n\n\n\n<p>\u201cO Semin\u00e1rio busca estimular a troca de experi\u00eancias e impulsionar propostas concretas que ampliem o protagonismo feminino. Significa reconhecer que o desenvolvimento n\u00e3o pode ser pensado de forma dissociada da inclus\u00e3o e da redu\u00e7\u00e3o das desigualdades\u201d, comenta a presidenta do Cofecon, Tania Cristina Teixeira. \u201cQueremos que as reflex\u00f5es constru\u00eddas ao longo do evento contribuam para influenciar o debate acad\u00eamico e a formula\u00e7\u00e3o de pol\u00edticas p\u00fablicas, refor\u00e7ando a import\u00e2ncia de uma economia comprometida com o bem-estar e com o bem-viver\u201d.&nbsp;<\/p>\n\n\n\n<p>A digitaliza\u00e7\u00e3o dos mercados e o uso crescente da intelig\u00eancia artificial t\u00eam tido um impacto significativo na atua\u00e7\u00e3o profissional dos economistas. Neste contexto, a presen\u00e7a feminina ganha ainda mais relev\u00e2ncia ao contribuir para a diversidade de pensamento e para a constru\u00e7\u00e3o de solu\u00e7\u00f5es mais inovadoras e socialmente comprometidas.&nbsp;<\/p>\n\n\n\n<p>&#8220;As mulheres economistas enfrentam desafios estruturais que refletem desigualdades mais amplas na sociedade brasileira. Um dos principais \u00e9 a sub-representa\u00e7\u00e3o em espa\u00e7os de decis\u00e3o, o que limita a influ\u00eancia feminina na formula\u00e7\u00e3o de pol\u00edticas e estrat\u00e9gias econ\u00f4micas&#8221;, menciona a conselheira federal Teresinha de Jesus Ferreira da Silva, coordenadora da Comiss\u00e3o Mulher Economista e Diversidade do Cofecon. &#8220;Outro desafio importante \u00e9 o reconhecimento do trabalho das economistas, muitas vezes invisibilizado ou desvalorizado. Por isso \u00e9 fundamental fortalecer redes e ampliar espa\u00e7os de fala&#8221;.&nbsp;<\/p>\n\n\n\n<p>A expectativa \u00e9 reunir cerca de&nbsp;300&nbsp;participantes presencialmente e outros 500 de forma remota, consolidando o semin\u00e1rio como um espa\u00e7o de articula\u00e7\u00e3o nacional. O evento conta com o apoio da FIEAM e do Sebrae-AM, al\u00e9m de parcerias institucionais que buscam ampliar o alcance e a qualifica\u00e7\u00e3o dos debates.&nbsp;<\/p>\n\n\n\n<p>\u201cEsses debates colocam a Amaz\u00f4nia em posi\u00e7\u00e3o de protagonismo, especialmente na discuss\u00e3o ligada \u00e0s mulheres e comunidades tradicionais, promovendo um ambiente prop\u00edcio \u00e0 busca de solu\u00e7\u00f5es dentro da bioeconomia ou da economia verde, valorizando a biodiversidade e os saberes tradicionais e gerando emprego e renda\u201d, expressa a presidenta da Comiss\u00e3o Mulher Economista do&nbsp;Corecon-AM\/RR, Michele&nbsp;Aracaty. \u201cTemas como empreendedorismo, pol\u00edticas p\u00fablicas e economia feminista atuam como motor de transforma\u00e7\u00e3o no bioma amaz\u00f4nico ao colocar as mulheres como agentes ativas da economia\u201d.&nbsp;<\/p>\n\n\n\n<p><strong>Programa\u00e7\u00e3o<\/strong>&nbsp;<\/p>\n\n\n\n<p>A programa\u00e7\u00e3o do evento est\u00e1 estruturada em mesas tem\u00e1ticas que abordam diferentes dimens\u00f5es da atua\u00e7\u00e3o das economistas, incluindo temas como&nbsp;empreendedorismo, carreira e lideran\u00e7a feminina, al\u00e9m da participa\u00e7\u00e3o de mulheres na formula\u00e7\u00e3o de pol\u00edticas p\u00fablicas e no campo da educa\u00e7\u00e3o econ\u00f4mica. As discuss\u00f5es tamb\u00e9m avan\u00e7am para quest\u00f5es relacionadas \u00e0 inclus\u00e3o, diversidade e desigualdades estruturais, com reflex\u00f5es sobre os impactos econ\u00f4micos das quest\u00f5es raciais e de g\u00eanero.&nbsp;Ao colocar em evid\u00eancia o protagonismo feminino, o evento refor\u00e7a a import\u00e2ncia de uma economia mais plural&nbsp;e comprometida com a redu\u00e7\u00e3o das desigualdades e a promo\u00e7\u00e3o do bem-estar social.&nbsp;<\/p>\n\n\n\n<p><strong>Confira a programa\u00e7\u00e3o:\u00a0<\/strong><\/p>\n\n\n\n<p><strong>18 de junho<\/strong>&nbsp;<\/p>\n\n\n\n<p>8h \u00e0s 9h \u2013 Credenciamento&nbsp;<\/p>\n\n\n\n<p>9h \u00e0s 10h30 \u2013 Mesa 1: Economistas em&nbsp;a\u00e7\u00e3o: empreendedorismo, carreira e lideran\u00e7a feminina&nbsp;<\/p>\n\n\n\n<p>10h40 \u00e0s 12h10 \u2013 Mesa 2: Pol\u00edticas p\u00fablicas para as mulheres: formula\u00e7\u00e3o, efetividade e qualidade&nbsp;<\/p>\n\n\n\n<p>14h \u00e0s 15h30 \u2013 Mesa 3: Educa\u00e7\u00e3o econ\u00f4mica, forma\u00e7\u00e3o para o futuro e para o desenvolvimento sustent\u00e1vel e inclusivo&nbsp;<\/p>\n\n\n\n<p>15h40 \u00e0s 17h10 \u2013 Mesa 4: Inclus\u00e3o, diversidade e trajet\u00f3rias que transformam&nbsp;<\/p>\n\n\n\n<p>18h \u00e0s 20h30 \u2013 Palestra Magna&nbsp;<\/p>\n\n\n\n<p><strong>19 de junho<\/strong>&nbsp;<\/p>\n\n\n\n<p>9h \u00e0s 10h30 \u2013 Mesa 5: Quest\u00f5es de g\u00eanero, meio ambiente e ra\u00e7a \u00e0 luz da economia feminista&nbsp;<\/p>\n\n\n\n<p>10h40 \u00e0s 12h10 \u2013 Mesa de encerramento&nbsp;e leitura da Carta de Manaus&nbsp;<\/p>\n\n\n\n<p><strong>SERVI\u00c7O<\/strong>&nbsp;<\/p>\n\n\n\n<p><strong>IV Semin\u00e1rio Nacional da Mulher Economista e Diversidade<\/strong>&nbsp;<br><strong>Tema:<\/strong>&nbsp;<em>Protagonismo da Mulher: Empreendedorismo, Educa\u00e7\u00e3o e Sociedade<\/em>&nbsp;<\/p>\n\n\n\n<p><strong>Quando:<\/strong>&nbsp;18 e 19 de junho de 2026&nbsp;<br><strong>Onde:<\/strong>&nbsp;Federa\u00e7\u00e3o das Ind\u00fastrias do Estado do Amazonas (FIEAM) \u2013 Manaus (AM)&nbsp;<br><strong>Formato:<\/strong>&nbsp;Presencial e com transmiss\u00e3o online&nbsp;<br><strong>P\u00fablico:<\/strong>&nbsp;economistas, estudantes, profissionais, gestores p\u00fablicos e privados e interessados no tema&nbsp;<br><strong>Inscri\u00e7\u00f5es:<\/strong>&nbsp;gratuitas, com emiss\u00e3o de Certificado de Participa\u00e7\u00e3o.&nbsp;&nbsp;<br><strong>Link:&nbsp;<\/strong><a href=\"https:\/\/www.even3.com.br\/iv-seminario-nacional-da-mulher-economista-e-diversidade-729388\/\" target=\"_blank\" rel=\"noreferrer noopener\">https:\/\/www.even3.com.br\/iv-seminario-nacional-da-mulher-economista-e-diversidade-729388\/<\/a>&nbsp;&nbsp;<\/p>\n","protected":false},"excerpt":{"rendered":"<p>Evento acontecer\u00e1 nos dias 18 e 19 de junho e discutir\u00e1 temas como empreendedorismo, inclus\u00e3o, protagonismo feminino e os desafios do S\u00e9culo XXI\u00a0 \u201cProtagonismo da Mulher: Empreendedorismo, Educa\u00e7\u00e3o e Sociedade\u201d. Este \u00e9 o tema do IV Semin\u00e1rio Nacional da Mulher<\/p>\n<p><a class=\"more-link\" href=\"https:\/\/cofecon.org.br\/cofecon\/?p=27721\">Leia Mais<\/a><\/p>\n","protected":false},"author":3,"featured_media":27722,"comment_status":"closed","ping_status":"closed","sticky":false,"template":"","format":"standard","meta":{"footnotes":""},"categories":[2],"tags":[],"class_list":["post-27721","post","type-post","status-publish","format-standard","has-post-thumbnail","hentry","category-noticias"],"_links":{"self":[{"href":"https:\/\/cofecon.org.br\/cofecon\/index.php?rest_route=\/wp\/v2\/posts\/27721"}],"collection":[{"href":"https:\/\/cofecon.org.br\/cofecon\/index.php?rest_route=\/wp\/v2\/posts"}],"about":[{"href":"https:\/\/cofecon.org.br\/cofecon\/index.php?rest_route=\/wp\/v2\/types\/post"}],"author":[{"embeddable":true,"href":"https:\/\/cofecon.org.br\/cofecon\/index.php?rest_route=\/wp\/v2\/users\/3"}],"replies":[{"embeddable":true,"href":"https:\/\/cofecon.org.br\/cofecon\/index.php?rest_route=%2Fwp%2Fv2%2Fcomments&post=27721"}],"version-history":[{"count":1,"href":"https:\/\/cofecon.org.br\/cofecon\/index.php?rest_route=\/wp\/v2\/posts\/27721\/revisions"}],"predecessor-version":[{"id":27723,"href":"https:\/\/cofecon.org.br\/cofecon\/index.php?rest_route=\/wp\/v2\/posts\/27721\/revisions\/27723"}],"wp:featuredmedia":[{"embeddable":true,"href":"https:\/\/cofecon.org.br\/cofecon\/index.php?rest_route=\/wp\/v2\/media\/27722"}],"wp:attachment":[{"href":"https:\/\/cofecon.org.br\/cofecon\/index.php?rest_route=%2Fwp%2Fv2%2Fmedia&parent=27721"}],"wp:term":[{"taxonomy":"category","embeddable":true,"href":"https:\/\/cofecon.org.br\/cofecon\/index.php?rest_route=%2Fwp%2Fv2%2Fcategories&post=27721"},{"taxonomy":"post_tag","embeddable":true,"href":"https:\/\/cofecon.org.br\/cofecon\/index.php?rest_route=%2Fwp%2Fv2%2Ftags&post=27721"}],"curies":[{"name":"wp","href":"https:\/\/api.w.org\/{rel}","templated":true}]}}