{"id":27718,"date":"2026-04-28T14:56:14","date_gmt":"2026-04-28T17:56:14","guid":{"rendered":"https:\/\/cofecon.org.br\/cofecon\/?p=27718"},"modified":"2026-04-28T14:56:16","modified_gmt":"2026-04-28T17:56:16","slug":"presidenta-do-cofecon-participa-de-audiencia-publica-na-camara-sobre-impactos-da-pejotizacao","status":"publish","type":"post","link":"https:\/\/cofecon.org.br\/cofecon\/?p=27718","title":{"rendered":"Presidenta do\u00a0Cofecon participa de audi\u00eancia p\u00fablica na C\u00e2mara sobre impactos da pejotiza\u00e7\u00e3o\u00a0"},"content":{"rendered":"\n<p><em>Tania Cristina Teixeira abordar\u00e1\u00a0os\u00a0efeitos\u00a0econ\u00f4micos\u00a0da pejotiza\u00e7\u00e3o, em especial\u00a0os que recaem\u00a0sobre\u00a0a\u00a0Previd\u00eancia,\u00a0o\u00a0FGTS,\u00a0o\u00a0FAT e\u00a0o\u00a0Sistema S<\/em>\u00a0<\/p>\n\n\n\n<p>A presidenta do Conselho Federal de Economia (Cofecon), Tania Cristina Teixeira, participar\u00e1 nesta ter\u00e7a-feira (28), \u00e0s 14h30, da audi\u00eancia p\u00fablica conjunta promovida pelas comiss\u00f5es de Trabalho e de Finan\u00e7as e Tributa\u00e7\u00e3o da C\u00e2mara dos Deputados. A sess\u00e3o tem o objetivo de discutir os impactos da pejotiza\u00e7\u00e3o no contexto do julgamento que acontece no Supremo Tribunal Federal, e pode ser assistida <a href=\"https:\/\/www.youtube.com\/watch?v=sVPu4_FdCaQ\" data-type=\"link\" data-id=\"https:\/\/www.youtube.com\/watch?v=sVPu4_FdCaQ\">AQUI <\/a><\/p>\n\n\n\n<p>Na audi\u00eancia, a presidenta do Cofecon&nbsp;abordar\u00e1&nbsp;os impactos da pejotiza\u00e7\u00e3o sobre os mecanismos de financiamento do Estado social brasileiro,&nbsp;com destaque para&nbsp;a Previd\u00eancia Social, o Fundo de Garantia do Tempo de Servi\u00e7o (FGTS), o Fundo de Amparo ao Trabalhador (FAT) e o Sistema S. A avalia\u00e7\u00e3o \u00e9 que a expans\u00e3o acelerada de formas contratuais sem v\u00ednculo empregat\u00edcio altera profundamente a base de arrecada\u00e7\u00e3o que sustenta pol\u00edticas p\u00fablicas, prote\u00e7\u00e3o social e programas de qualifica\u00e7\u00e3o profissional.&nbsp;<\/p>\n\n\n\n<p>A discuss\u00e3o tamb\u00e9m abordar\u00e1 os efeitos estruturais das transforma\u00e7\u00f5es recentes no mundo do trabalho, marcadas pelo avan\u00e7o da digitaliza\u00e7\u00e3o, pela fragmenta\u00e7\u00e3o das rela\u00e7\u00f5es laborais e pela amplia\u00e7\u00e3o de contratos comerciais em substitui\u00e7\u00e3o ao trabalho assalariado tradicional.&nbsp;<\/p>\n\n\n\n<p>Outros especialistas confirmados s\u00e3o Rafael Gomes Lima (Tribunal de Contas da Uni\u00e3o), Rodrigo Barbosa (Minist\u00e9rio P\u00fablico do Trabalho), Rodrigo&nbsp;Toneto&nbsp;(Minist\u00e9rio da Fazenda), Paula Montagner (Minist\u00e9rio do Trabalho e Emprego),&nbsp;Valeir&nbsp;Ertle&nbsp;(Central \u00fanica dos Trabalhadores), Clemente Ganz L\u00facio (F\u00f3rum das Centrais Sindicais), Marco Aur\u00e9lio Marsiglia Treviso (Associa\u00e7\u00e3o Nacional das Magistradas e dos Magistrados da Justi\u00e7a do Trabalho), Adriana Augusta de Moura Souza (Associa\u00e7\u00e3o Nacional dos Procuradores e das Procuradoras do Trabalho) e Jos\u00e9 Reginaldo In\u00e1cio (Confedera\u00e7\u00e3o Nacional dos Trabalhadores da Ind\u00fastria).&nbsp;<\/p>\n","protected":false},"excerpt":{"rendered":"<p>Tania Cristina Teixeira abordar\u00e1\u00a0os\u00a0efeitos\u00a0econ\u00f4micos\u00a0da pejotiza\u00e7\u00e3o, em especial\u00a0os que recaem\u00a0sobre\u00a0a\u00a0Previd\u00eancia,\u00a0o\u00a0FGTS,\u00a0o\u00a0FAT e\u00a0o\u00a0Sistema S\u00a0 A presidenta do Conselho Federal de Economia (Cofecon), Tania Cristina Teixeira, participar\u00e1 nesta ter\u00e7a-feira (28), \u00e0s 14h30, da audi\u00eancia p\u00fablica conjunta promovida pelas comiss\u00f5es de Trabalho e de Finan\u00e7as<\/p>\n<p><a class=\"more-link\" href=\"https:\/\/cofecon.org.br\/cofecon\/?p=27718\">Leia Mais<\/a><\/p>\n","protected":false},"author":3,"featured_media":27719,"comment_status":"closed","ping_status":"closed","sticky":false,"template":"","format":"standard","meta":{"footnotes":""},"categories":[2],"tags":[],"class_list":["post-27718","post","type-post","status-publish","format-standard","has-post-thumbnail","hentry","category-noticias"],"_links":{"self":[{"href":"https:\/\/cofecon.org.br\/cofecon\/index.php?rest_route=\/wp\/v2\/posts\/27718"}],"collection":[{"href":"https:\/\/cofecon.org.br\/cofecon\/index.php?rest_route=\/wp\/v2\/posts"}],"about":[{"href":"https:\/\/cofecon.org.br\/cofecon\/index.php?rest_route=\/wp\/v2\/types\/post"}],"author":[{"embeddable":true,"href":"https:\/\/cofecon.org.br\/cofecon\/index.php?rest_route=\/wp\/v2\/users\/3"}],"replies":[{"embeddable":true,"href":"https:\/\/cofecon.org.br\/cofecon\/index.php?rest_route=%2Fwp%2Fv2%2Fcomments&post=27718"}],"version-history":[{"count":1,"href":"https:\/\/cofecon.org.br\/cofecon\/index.php?rest_route=\/wp\/v2\/posts\/27718\/revisions"}],"predecessor-version":[{"id":27720,"href":"https:\/\/cofecon.org.br\/cofecon\/index.php?rest_route=\/wp\/v2\/posts\/27718\/revisions\/27720"}],"wp:featuredmedia":[{"embeddable":true,"href":"https:\/\/cofecon.org.br\/cofecon\/index.php?rest_route=\/wp\/v2\/media\/27719"}],"wp:attachment":[{"href":"https:\/\/cofecon.org.br\/cofecon\/index.php?rest_route=%2Fwp%2Fv2%2Fmedia&parent=27718"}],"wp:term":[{"taxonomy":"category","embeddable":true,"href":"https:\/\/cofecon.org.br\/cofecon\/index.php?rest_route=%2Fwp%2Fv2%2Fcategories&post=27718"},{"taxonomy":"post_tag","embeddable":true,"href":"https:\/\/cofecon.org.br\/cofecon\/index.php?rest_route=%2Fwp%2Fv2%2Ftags&post=27718"}],"curies":[{"name":"wp","href":"https:\/\/api.w.org\/{rel}","templated":true}]}}