{"id":27712,"date":"2026-04-24T14:04:34","date_gmt":"2026-04-24T17:04:34","guid":{"rendered":"https:\/\/cofecon.org.br\/cofecon\/?p=27712"},"modified":"2026-04-24T14:16:57","modified_gmt":"2026-04-24T17:16:57","slug":"janine-alves-comenta-oportunidades-e-desafios-para-empreendedores-em-ano-eleitoral","status":"publish","type":"post","link":"https:\/\/cofecon.org.br\/cofecon\/?p=27712","title":{"rendered":"Janine Alves comenta oportunidades e desafios para empreendedores em ano eleitoral\u00a0"},"content":{"rendered":"\n<p><em>Conselheira federal\u00a0falou ao portal O Brasilianista sobre\u00a0cuidados que\u00a0eles\u00a0devem tomar com a maior circula\u00e7\u00e3o de renda no primeiro semestre e desacelera\u00e7\u00e3o no segundo<\/em>\u00a0<\/p>\n\n\n\n<p>Maior circula\u00e7\u00e3o de dinheiro no primeiro semestre&nbsp;e uma desacelera\u00e7\u00e3o na segunda metade do ano. Uma mat\u00e9ria publicada pelo portal O Brasilianista mencionou que este \u00e9 um movimento comum em anos eleitorais e abordou os efeitos que ele tem sobre os microempreendedores, e a conselheira federal Janine Alves foi ouvida sobre o assunto.&nbsp;<\/p>\n\n\n\n<p>\u201cH\u00e1 oportunidade real no primeiro semestre&nbsp;&#8211;&nbsp;e seria um erro n\u00e3o&nbsp;a aproveitar\u201d, mencionou a economista.&nbsp;Ela esclarece que a maior circula\u00e7\u00e3o de renda&nbsp;(impulsionada por programas sociais, cr\u00e9dito p\u00fablico e medidas fiscais)&nbsp;tende a chegar rapidamente ao com\u00e9rcio local e aos prestadores de servi\u00e7o.&nbsp;A Selic elevada, entretanto,&nbsp;mant\u00e9m o cr\u00e9dito para capital de giro em patamar alto, o que exige aten\u00e7\u00e3o redobrada do empreendedor.&nbsp;<\/p>\n\n\n\n<p>\u201cNo segundo semestre, a l\u00f3gica se inverte. A campanha eleitoral esquenta, a incerteza sobre o pr\u00f3ximo governo aumenta, e consumidores e empres\u00e1rios come\u00e7am a adiar decis\u00f5es\u201d, aponta Janine.&nbsp;<\/p>\n\n\n\n<p>Ela tamb\u00e9m chama a&nbsp;aten\u00e7\u00e3o para a infla\u00e7\u00e3o e para o custo dos fornecedores, especialmente em um cen\u00e1rio de alta nos combust\u00edveis e fretes.&nbsp;O&nbsp;empreendedor precisa acompanhar n\u00e3o apenas o faturamento, mas a margem real do neg\u00f3cio. \u201c\u00c9 perfeitamente poss\u00edvel vender mais e sobrar menos\u201d, acrescenta&nbsp;a economista.&nbsp;<\/p>\n\n\n\n<p>Ela cita como&nbsp;erros mais recorrentes em per\u00edodos de incerteza a paralisa\u00e7\u00e3o do neg\u00f3cio, a expans\u00e3o sem reserva e a mistura entre finan\u00e7as pessoais e empresariais.&nbsp;\u201cReserva em ano eleitoral n\u00e3o \u00e9 conservadorismo, \u00e9 intelig\u00eancia\u201d,&nbsp;afirma Janine.&nbsp;Para ela, o planejamento deve come\u00e7ar pela separa\u00e7\u00e3o de uma reserva equivalente a pelo menos tr\u00eas meses de custos fixos antes do segundo semestre.&nbsp;<\/p>\n\n\n\n<p>A mat\u00e9ria completa publicada pelo portal O Brasilianista pode ser\u00a0lida\u00a0clicando <a href=\"https:\/\/obrasilianista.com.br\/manoelacardozo\/eleicoes-pequenos-negocios-microempreendedor-proteger-caixa\/\" data-type=\"link\" data-id=\"https:\/\/obrasilianista.com.br\/manoelacardozo\/eleicoes-pequenos-negocios-microempreendedor-proteger-caixa\/\">AQUI<\/a><\/p>\n\n\n\n<p><\/p>\n","protected":false},"excerpt":{"rendered":"<p>Conselheira federal\u00a0falou ao portal O Brasilianista sobre\u00a0cuidados que\u00a0eles\u00a0devem tomar com a maior circula\u00e7\u00e3o de renda no primeiro semestre e desacelera\u00e7\u00e3o no segundo\u00a0 Maior circula\u00e7\u00e3o de dinheiro no primeiro semestre&nbsp;e uma desacelera\u00e7\u00e3o na segunda metade do ano. Uma mat\u00e9ria publicada pelo<\/p>\n<p><a class=\"more-link\" href=\"https:\/\/cofecon.org.br\/cofecon\/?p=27712\">Leia Mais<\/a><\/p>\n","protected":false},"author":3,"featured_media":27716,"comment_status":"closed","ping_status":"closed","sticky":false,"template":"","format":"standard","meta":{"footnotes":""},"categories":[2],"tags":[],"class_list":["post-27712","post","type-post","status-publish","format-standard","has-post-thumbnail","hentry","category-noticias"],"_links":{"self":[{"href":"https:\/\/cofecon.org.br\/cofecon\/index.php?rest_route=\/wp\/v2\/posts\/27712"}],"collection":[{"href":"https:\/\/cofecon.org.br\/cofecon\/index.php?rest_route=\/wp\/v2\/posts"}],"about":[{"href":"https:\/\/cofecon.org.br\/cofecon\/index.php?rest_route=\/wp\/v2\/types\/post"}],"author":[{"embeddable":true,"href":"https:\/\/cofecon.org.br\/cofecon\/index.php?rest_route=\/wp\/v2\/users\/3"}],"replies":[{"embeddable":true,"href":"https:\/\/cofecon.org.br\/cofecon\/index.php?rest_route=%2Fwp%2Fv2%2Fcomments&post=27712"}],"version-history":[{"count":1,"href":"https:\/\/cofecon.org.br\/cofecon\/index.php?rest_route=\/wp\/v2\/posts\/27712\/revisions"}],"predecessor-version":[{"id":27713,"href":"https:\/\/cofecon.org.br\/cofecon\/index.php?rest_route=\/wp\/v2\/posts\/27712\/revisions\/27713"}],"wp:featuredmedia":[{"embeddable":true,"href":"https:\/\/cofecon.org.br\/cofecon\/index.php?rest_route=\/wp\/v2\/media\/27716"}],"wp:attachment":[{"href":"https:\/\/cofecon.org.br\/cofecon\/index.php?rest_route=%2Fwp%2Fv2%2Fmedia&parent=27712"}],"wp:term":[{"taxonomy":"category","embeddable":true,"href":"https:\/\/cofecon.org.br\/cofecon\/index.php?rest_route=%2Fwp%2Fv2%2Fcategories&post=27712"},{"taxonomy":"post_tag","embeddable":true,"href":"https:\/\/cofecon.org.br\/cofecon\/index.php?rest_route=%2Fwp%2Fv2%2Ftags&post=27712"}],"curies":[{"name":"wp","href":"https:\/\/api.w.org\/{rel}","templated":true}]}}