{"id":27709,"date":"2026-04-24T13:57:28","date_gmt":"2026-04-24T16:57:28","guid":{"rendered":"https:\/\/cofecon.org.br\/cofecon\/?p=27709"},"modified":"2026-04-24T13:57:29","modified_gmt":"2026-04-24T16:57:29","slug":"podcast-economistas-economia-politica-e-desenvolvimento-nacional","status":"publish","type":"post","link":"https:\/\/cofecon.org.br\/cofecon\/?p=27709","title":{"rendered":"Podcast Economistas:\u00a0Economia pol\u00edtica e desenvolvimento nacional\u00a0"},"content":{"rendered":"\n<p><em>Economista Adriana Nunes Ferreira debate temas como soberania, planejamento, inser\u00e7\u00e3o internacional, combate \u00e0s desigualdades e press\u00f5es de curto prazo, \u00e0 luz da economia pol\u00edtica<\/em>&nbsp;<\/p>\n\n\n\n<p>Est\u00e1 no ar mais um epis\u00f3dio do&nbsp;podcast Economistas!&nbsp;A&nbsp;constru\u00e7\u00e3o de um projeto nacional de&nbsp;desenvolvimento para o&nbsp;Brasil passa, necessariamente, pela compreens\u00e3o das rela\u00e7\u00f5es entre economia, pol\u00edtica e poder.&nbsp;Num contexto marcado&nbsp;por conflitos geopol\u00edticos e disputa tecnol\u00f3gica,&nbsp;ao mesmo tempo em que o brasil ainda busca&nbsp;solucionar problemas hist\u00f3ricos&nbsp;como a desigualdade social, ganha for\u00e7a o&nbsp;debate sobre soberania econ\u00f4mica e o papel do&nbsp;estado na coordena\u00e7\u00e3o do desenvolvimento.&nbsp;&nbsp;<\/p>\n\n\n\n<p>Este debate est\u00e1 fortemente relacionado a um campo do estudo econ\u00f4mico que \u00e9 a economia pol\u00edtica, que aborda como a riqueza \u00e9 produzida, distribu\u00edda e apropriada, levando em conta as rela\u00e7\u00f5es de poder, os interesses de diferentes grupos sociais, a fun\u00e7\u00e3o do Estado e o contexto hist\u00f3rico e institucional de cada sociedade. Quem fala sobre o assunto \u00e9 a economista Adriana Nunes Ferreira. O&nbsp;podcast Economistas&nbsp;pode ser escutado na sua plataforma favorita ou no player abaixo.&nbsp;<\/p>\n\n\n\n<figure class=\"wp-block-embed is-type-rich is-provider-spotify wp-block-embed-spotify wp-embed-aspect-21-9 wp-has-aspect-ratio\"><div class=\"wp-block-embed__wrapper\">\n<iframe title=\"Spotify Embed: #180- Economia pol\u00edtica e desenvolvimento nacional\" style=\"border-radius: 12px\" width=\"100%\" height=\"152\" frameborder=\"0\" allowfullscreen allow=\"autoplay; clipboard-write; encrypted-media; fullscreen; picture-in-picture\" loading=\"lazy\" src=\"https:\/\/open.spotify.com\/embed\/episode\/2O2mwNCEeiHpIvuWvGVQEZ?si=10eaa4a48afc4d63&amp;utm_source=oembed\"><\/iframe>\n<\/div><\/figure>\n\n\n\n<p>Adriana Nunes Ferreira \u00e9 graduada e mestre em Economia pela Universidade de S\u00e3o Paulo (USP) e doutora em Economia pela Universidade Estadual de Campinas (Unicamp), onde \u00e9 professora associada e leciona economia pol\u00edtica e macroeconomia para estudantes de gradua\u00e7\u00e3o e p\u00f3s-gradua\u00e7\u00e3o. Atuou tamb\u00e9m como chefe de gabinete adjunta da reitoria da Unicamp e atualmente ocupa o cargo de assessora docente.&nbsp;<\/p>\n\n\n\n<p>A entrevista completa pode ser acessada na edi\u00e7\u00e3o n\u00famero 59 da revista Economistas, que est\u00e1 dispon\u00edvel clicando <a href=\"https:\/\/online.flippingbook.com\/view\/91864956\/\" data-type=\"link\" data-id=\"https:\/\/online.flippingbook.com\/view\/91864956\/\">AQUI<\/a>.\u00a0<\/p>\n\n\n\n<p><\/p>\n","protected":false},"excerpt":{"rendered":"<p>Economista Adriana Nunes Ferreira debate temas como soberania, planejamento, inser\u00e7\u00e3o internacional, combate \u00e0s desigualdades e press\u00f5es de curto prazo, \u00e0 luz da economia pol\u00edtica&nbsp; Est\u00e1 no ar mais um epis\u00f3dio do&nbsp;podcast Economistas!&nbsp;A&nbsp;constru\u00e7\u00e3o de um projeto nacional de&nbsp;desenvolvimento para o&nbsp;Brasil passa,<\/p>\n<p><a class=\"more-link\" href=\"https:\/\/cofecon.org.br\/cofecon\/?p=27709\">Leia Mais<\/a><\/p>\n","protected":false},"author":3,"featured_media":27590,"comment_status":"closed","ping_status":"closed","sticky":false,"template":"","format":"standard","meta":{"footnotes":""},"categories":[12],"tags":[],"class_list":["post-27709","post","type-post","status-publish","format-standard","has-post-thumbnail","hentry","category-podcast"],"_links":{"self":[{"href":"https:\/\/cofecon.org.br\/cofecon\/index.php?rest_route=\/wp\/v2\/posts\/27709"}],"collection":[{"href":"https:\/\/cofecon.org.br\/cofecon\/index.php?rest_route=\/wp\/v2\/posts"}],"about":[{"href":"https:\/\/cofecon.org.br\/cofecon\/index.php?rest_route=\/wp\/v2\/types\/post"}],"author":[{"embeddable":true,"href":"https:\/\/cofecon.org.br\/cofecon\/index.php?rest_route=\/wp\/v2\/users\/3"}],"replies":[{"embeddable":true,"href":"https:\/\/cofecon.org.br\/cofecon\/index.php?rest_route=%2Fwp%2Fv2%2Fcomments&post=27709"}],"version-history":[{"count":1,"href":"https:\/\/cofecon.org.br\/cofecon\/index.php?rest_route=\/wp\/v2\/posts\/27709\/revisions"}],"predecessor-version":[{"id":27710,"href":"https:\/\/cofecon.org.br\/cofecon\/index.php?rest_route=\/wp\/v2\/posts\/27709\/revisions\/27710"}],"wp:featuredmedia":[{"embeddable":true,"href":"https:\/\/cofecon.org.br\/cofecon\/index.php?rest_route=\/wp\/v2\/media\/27590"}],"wp:attachment":[{"href":"https:\/\/cofecon.org.br\/cofecon\/index.php?rest_route=%2Fwp%2Fv2%2Fmedia&parent=27709"}],"wp:term":[{"taxonomy":"category","embeddable":true,"href":"https:\/\/cofecon.org.br\/cofecon\/index.php?rest_route=%2Fwp%2Fv2%2Fcategories&post=27709"},{"taxonomy":"post_tag","embeddable":true,"href":"https:\/\/cofecon.org.br\/cofecon\/index.php?rest_route=%2Fwp%2Fv2%2Ftags&post=27709"}],"curies":[{"name":"wp","href":"https:\/\/api.w.org\/{rel}","templated":true}]}}