{"id":27215,"date":"2026-01-28T14:52:53","date_gmt":"2026-01-28T17:52:53","guid":{"rendered":"https:\/\/cofecon.org.br\/cofecon\/?p=27215"},"modified":"2026-01-28T14:52:55","modified_gmt":"2026-01-28T17:52:55","slug":"brasil-registra-46-milhoes-de-micro-e-pequenas-empresas-em-2025-ana-claudia-arruda-comenta","status":"publish","type":"post","link":"https:\/\/cofecon.org.br\/cofecon\/?p=27215","title":{"rendered":"Brasil registra 4,6 milh\u00f5es de micro e pequenas empresas em 2025; Ana Cl\u00e1udia Arruda comenta\u00a0"},"content":{"rendered":"\n<p><em>Conselheira federal falou ao Monitor Mercantil sobre o n\u00famero expressivo\u00a0e\u00a0\u00a0abordou\u00a0desafios que estas empresas enfrentam\u00a0<\/em><\/p>\n\n\n\n<p>O Brasil registrou no ano de 2025 o n\u00famero de 4,6 milh\u00f5es de microempreendedores individuais, microempresas e empresas de pequeno porte abertas no pa\u00eds. O n\u00famero recorde foi comentado pela conselheira federal Ana Cl\u00e1udia Arruda, em mat\u00e9ria&nbsp;publicada no Monitor Mercantil.&nbsp;<\/p>\n\n\n\n<p>\u201cTrata-se de um n\u00famero expressivo dentro da din\u00e2mica econ\u00f4mica brasileira, especialmente na gera\u00e7\u00e3o de emprego, de renda e na participa\u00e7\u00e3o produtiva\u201d, afirmou a conselheira.&nbsp;\u201cGrande parte desses empreendedores acredita e tem esperan\u00e7a muito grande na retomada da economia nos pr\u00f3ximos anos, portanto \u00e9 fundamental a cria\u00e7\u00e3o de condi\u00e7\u00f5es que fortale\u00e7am esses empreendimentos, tendo em vista que a maioria nasce com muita fragilidade\u201d.&nbsp;<\/p>\n\n\n\n<p>Ana Cl\u00e1udia Arruda tamb\u00e9m mencionou alguns desafios enfrentados para que o impacto positivo deste movimento de cria\u00e7\u00e3o de micro e pequenas empresas possa ser aproveitado pela economia brasileira. \u201cEm rela\u00e7\u00e3o ao cr\u00e9dito, sabemos que as condi\u00e7\u00f5es s\u00e3o inadequadas, sendo necess\u00e1rio um sistema mais amig\u00e1vel a esses empreendedores, com taxas compat\u00edveis com suas atividades. Outro ponto de destaque \u00e9 a quest\u00e3o que envolve a digitaliza\u00e7\u00e3o e inova\u00e7\u00e3o produtiva, ampliando as plataformas digitais de acesso ao e-commerce e solu\u00e7\u00f5es tecnol\u00f3gicas, para que aumentem sua produtividade e competitividade\u201d, ressalta.&nbsp;<\/p>\n\n\n\n<p>A mat\u00e9ria publicada pelo Monitor Mercantil pode ser acessada clicando <a href=\"https:\/\/monitormercantil.com.br\/recorde-de-abertura-de-meis-e-pequenos-negocios-mostra-forca-do-empreendedorismo-brasileiro-e-evidencia-necessidade-de-valorizacao\/\" data-type=\"link\" data-id=\"https:\/\/monitormercantil.com.br\/recorde-de-abertura-de-meis-e-pequenos-negocios-mostra-forca-do-empreendedorismo-brasileiro-e-evidencia-necessidade-de-valorizacao\/\">AQUI<\/a>.\u00a0<\/p>\n","protected":false},"excerpt":{"rendered":"<p>Conselheira federal falou ao Monitor Mercantil sobre o n\u00famero expressivo\u00a0e\u00a0\u00a0abordou\u00a0desafios que estas empresas enfrentam\u00a0 O Brasil registrou no ano de 2025 o n\u00famero de 4,6 milh\u00f5es de microempreendedores individuais, microempresas e empresas de pequeno porte abertas no pa\u00eds. O n\u00famero<\/p>\n<p><a class=\"more-link\" href=\"https:\/\/cofecon.org.br\/cofecon\/?p=27215\">Leia Mais<\/a><\/p>\n","protected":false},"author":3,"featured_media":27216,"comment_status":"closed","ping_status":"closed","sticky":false,"template":"","format":"standard","meta":{"footnotes":""},"categories":[2],"tags":[],"class_list":["post-27215","post","type-post","status-publish","format-standard","has-post-thumbnail","hentry","category-noticias"],"_links":{"self":[{"href":"https:\/\/cofecon.org.br\/cofecon\/index.php?rest_route=\/wp\/v2\/posts\/27215"}],"collection":[{"href":"https:\/\/cofecon.org.br\/cofecon\/index.php?rest_route=\/wp\/v2\/posts"}],"about":[{"href":"https:\/\/cofecon.org.br\/cofecon\/index.php?rest_route=\/wp\/v2\/types\/post"}],"author":[{"embeddable":true,"href":"https:\/\/cofecon.org.br\/cofecon\/index.php?rest_route=\/wp\/v2\/users\/3"}],"replies":[{"embeddable":true,"href":"https:\/\/cofecon.org.br\/cofecon\/index.php?rest_route=%2Fwp%2Fv2%2Fcomments&post=27215"}],"version-history":[{"count":1,"href":"https:\/\/cofecon.org.br\/cofecon\/index.php?rest_route=\/wp\/v2\/posts\/27215\/revisions"}],"predecessor-version":[{"id":27217,"href":"https:\/\/cofecon.org.br\/cofecon\/index.php?rest_route=\/wp\/v2\/posts\/27215\/revisions\/27217"}],"wp:featuredmedia":[{"embeddable":true,"href":"https:\/\/cofecon.org.br\/cofecon\/index.php?rest_route=\/wp\/v2\/media\/27216"}],"wp:attachment":[{"href":"https:\/\/cofecon.org.br\/cofecon\/index.php?rest_route=%2Fwp%2Fv2%2Fmedia&parent=27215"}],"wp:term":[{"taxonomy":"category","embeddable":true,"href":"https:\/\/cofecon.org.br\/cofecon\/index.php?rest_route=%2Fwp%2Fv2%2Fcategories&post=27215"},{"taxonomy":"post_tag","embeddable":true,"href":"https:\/\/cofecon.org.br\/cofecon\/index.php?rest_route=%2Fwp%2Fv2%2Ftags&post=27215"}],"curies":[{"name":"wp","href":"https:\/\/api.w.org\/{rel}","templated":true}]}}