{"id":27206,"date":"2026-01-23T17:25:53","date_gmt":"2026-01-23T20:25:53","guid":{"rendered":"https:\/\/cofecon.org.br\/cofecon\/?p=27206"},"modified":"2026-01-23T17:27:43","modified_gmt":"2026-01-23T20:27:43","slug":"dantas-ve-reforma-tributaria-como-positiva-mas-alerta-o-que-interessa-a-sociedade-e-a-tributacao-direta","status":"publish","type":"post","link":"https:\/\/cofecon.org.br\/cofecon\/?p=27206","title":{"rendered":"Dantas v\u00ea reforma tribut\u00e1ria como positiva, mas alerta: \u201cO que interessa \u00e0 sociedade \u00e9 a tributa\u00e7\u00e3o direta\u201d\u00a0"},"content":{"rendered":"\n<p><em>Conselheiro federal concedeu entrevista nesta sexta-feira (23) \u00e0 TV UFG e afirmou que a grande deforma\u00e7\u00e3o no modelo tribut\u00e1rio brasileiro<\/em>&nbsp;<\/p>\n\n\n\n<p>O conselheiro federal Paulo Dantas da Costa concedeu nesta sexta-feira (23) uma entrevista \u00e0 TV UFG para falar sobre a reforma tribut\u00e1ria&nbsp;do consumo \u2013 cuja transi\u00e7\u00e3o come\u00e7a em 2026. Dantas mencionou que, embora ela contenha aspectos positivos, a quest\u00e3o mais importante para a economia brasileira tem a ver com a tributa\u00e7\u00e3o direta.&nbsp;<\/p>\n\n\n\n<p>\u201cA reforma tribut\u00e1ria proposta \u00e9 muito positiva na tributa\u00e7\u00e3o sobre o consumo\u201d, afirmou o conselheiro federal. \u201cMas a grande deforma\u00e7\u00e3o no modelo tribut\u00e1rio brasileiro, desde sempre, \u00e9 a tributa\u00e7\u00e3o sobre a renda, em especial as altas rendas, e o estoque de riquezas\u201d, comentou Dantas&nbsp;<\/p>\n\n\n\n<p>A reforma tribut\u00e1ria aprovada em 2023 substitui cinco impostos indiretos (ISS, ICMS, Pis,&nbsp;Cofins&nbsp;e IPI) por dois tributos (Imposto sobre Bens e Servi\u00e7os \u2013 IBS e Contribui\u00e7\u00e3o sobre Bens e Servi\u00e7os \u2013 CBS) e cria o Imposto Seletivo. \u201cAlguns produtos podem se tornar mais baratos, mas a maioria n\u00e3o\u201d, pontua o economista.&nbsp;&nbsp;<\/p>\n\n\n\n<p>Ele&nbsp;tamb\u00e9m mencionou o fato de que, na tributa\u00e7\u00e3o indireta, os pobres e ricos pagam a mesma carga tribut\u00e1ria sobre um determinado bem ou servi\u00e7o \u2013 o que faz com que as camadas menos privilegiadas destinem uma parcela&nbsp;proporcionalmente&nbsp;maior da sua renda ao pagamento destes impostos. \u201cEmbora a reforma tribut\u00e1ria tenha sido bem arrumada, com&nbsp;cashback, que \u00e9 algo positivo, o que interessa mesmo \u00e0 sociedade \u00e9 a tributa\u00e7\u00e3o direta\u201d, ponderou Dantas.&nbsp;<\/p>\n\n\n\n<p>\u201cA tributa\u00e7\u00e3o n\u00e3o vai resolver o grave problema social do Brasil, mas pode contribuir muito\u201d, argumentou o economista. \u201cVou dar um exemplo r\u00e1pido: nas maiores na\u00e7\u00f5es capitalistas, a al\u00edquota do imposto de renda vai de 38 a 40%. No Brasil, vai at\u00e9 27,5%. As pessoas dizem que o Brasil n\u00e3o pode se comparar a estas grandes na\u00e7\u00f5es \u2013 mas, no que diz respeito \u00e0 quest\u00e3o tribut\u00e1ria, pode, sim, assimilar estas experi\u00eancias\u201d.&nbsp;<\/p>\n\n\n\n<p>A entrevista concedida pelo conselheiro \u00e0 TV UFG pode ser assistida clicando <a href=\"https:\/\/youtu.be\/7H7Bp3dZjQ0?t=625\">AQUI<\/a>.\u00a0<\/p>\n","protected":false},"excerpt":{"rendered":"<p>Conselheiro federal concedeu entrevista nesta sexta-feira (23) \u00e0 TV UFG e afirmou que a grande deforma\u00e7\u00e3o no modelo tribut\u00e1rio brasileiro&nbsp; O conselheiro federal Paulo Dantas da Costa concedeu nesta sexta-feira (23) uma entrevista \u00e0 TV UFG para falar sobre a<\/p>\n<p><a class=\"more-link\" href=\"https:\/\/cofecon.org.br\/cofecon\/?p=27206\">Leia Mais<\/a><\/p>\n","protected":false},"author":3,"featured_media":27209,"comment_status":"closed","ping_status":"closed","sticky":false,"template":"","format":"standard","meta":{"footnotes":""},"categories":[2],"tags":[],"class_list":["post-27206","post","type-post","status-publish","format-standard","has-post-thumbnail","hentry","category-noticias"],"_links":{"self":[{"href":"https:\/\/cofecon.org.br\/cofecon\/index.php?rest_route=\/wp\/v2\/posts\/27206"}],"collection":[{"href":"https:\/\/cofecon.org.br\/cofecon\/index.php?rest_route=\/wp\/v2\/posts"}],"about":[{"href":"https:\/\/cofecon.org.br\/cofecon\/index.php?rest_route=\/wp\/v2\/types\/post"}],"author":[{"embeddable":true,"href":"https:\/\/cofecon.org.br\/cofecon\/index.php?rest_route=\/wp\/v2\/users\/3"}],"replies":[{"embeddable":true,"href":"https:\/\/cofecon.org.br\/cofecon\/index.php?rest_route=%2Fwp%2Fv2%2Fcomments&post=27206"}],"version-history":[{"count":1,"href":"https:\/\/cofecon.org.br\/cofecon\/index.php?rest_route=\/wp\/v2\/posts\/27206\/revisions"}],"predecessor-version":[{"id":27207,"href":"https:\/\/cofecon.org.br\/cofecon\/index.php?rest_route=\/wp\/v2\/posts\/27206\/revisions\/27207"}],"wp:featuredmedia":[{"embeddable":true,"href":"https:\/\/cofecon.org.br\/cofecon\/index.php?rest_route=\/wp\/v2\/media\/27209"}],"wp:attachment":[{"href":"https:\/\/cofecon.org.br\/cofecon\/index.php?rest_route=%2Fwp%2Fv2%2Fmedia&parent=27206"}],"wp:term":[{"taxonomy":"category","embeddable":true,"href":"https:\/\/cofecon.org.br\/cofecon\/index.php?rest_route=%2Fwp%2Fv2%2Fcategories&post=27206"},{"taxonomy":"post_tag","embeddable":true,"href":"https:\/\/cofecon.org.br\/cofecon\/index.php?rest_route=%2Fwp%2Fv2%2Ftags&post=27206"}],"curies":[{"name":"wp","href":"https:\/\/api.w.org\/{rel}","templated":true}]}}