{"id":27201,"date":"2026-01-21T10:03:09","date_gmt":"2026-01-21T13:03:09","guid":{"rendered":"https:\/\/cofecon.org.br\/cofecon\/?p=27201"},"modified":"2026-01-21T10:03:10","modified_gmt":"2026-01-21T13:03:10","slug":"corecon-sp-promove-live-especial-sobre-os-avancos-da-neoindustrializacao-brasileira","status":"publish","type":"post","link":"https:\/\/cofecon.org.br\/cofecon\/?p=27201","title":{"rendered":"Corecon-SP promove live especial sobre os avan\u00e7os da\u00a0Neoindustrializa\u00e7\u00e3o\u00a0Brasileira\u00a0"},"content":{"rendered":"\n<p><em>Evento virtual re\u00fane especialistas para discutir pol\u00edtica industrial, papel do Estado, inser\u00e7\u00e3o do Brasil e oportunidades trazidas pelo programa Nova Ind\u00fastria Brasil<\/em>&nbsp;<\/p>\n\n\n\n<p>O Conselho Regional de Economia de S\u00e3o Paulo (Corecon-SP) realizar\u00e1, no dia 22 de janeiro de 2026, \u00e0s 10h, na TV Economista, uma live comemorativa que marca duas datas de grande relev\u00e2ncia para o setor produtivo nacional: o 2\u00ba anivers\u00e1rio da pol\u00edtica Nova Ind\u00fastria Brasil (NIB) e o primeiro ano de circula\u00e7\u00e3o da obra coletiva&nbsp;Neoindustrializa\u00e7\u00e3o&nbsp;Brasileira, publicada pela Editora&nbsp;Blucher.&nbsp;<\/p>\n\n\n\n<p>O evento, organizado pelo&nbsp;Corecon-SP com apoio do Conselho Federal de Economia (Cofecon), da Associa\u00e7\u00e3o Brasileira de Economistas pela Democracia (ABED) e da Funda\u00e7\u00e3o Escola de Sociologia e Pol\u00edtica de S\u00e3o Paulo (FESPSP), reunir\u00e1 especialistas de destaque para debater os avan\u00e7os, desafios e perspectivas da&nbsp;neoindustrializa\u00e7\u00e3o&nbsp;no pa\u00eds, em um momento em que pol\u00edticas industriais voltam ao centro da agenda econ\u00f4mica.&nbsp;<\/p>\n\n\n\n<p>A transmiss\u00e3o contar\u00e1 com a abertura do presidente do&nbsp;Corecon-SP, Haroldo da Silva, e ser\u00e1 moderada pelo professor Jo\u00e3o Furtado, economista com mestrado e doutorado em Economia, e por S\u00e9rgio Roberto Knorr Velho, servidor do Minist\u00e9rio do Desenvolvimento, Ind\u00fastria, Com\u00e9rcio e Servi\u00e7os (MDIC) e organizador do livro&nbsp;Neoindustrializa\u00e7\u00e3o&nbsp;Brasileira.&nbsp;<\/p>\n\n\n\n<p>O painel ter\u00e1 como debatedores Paulo&nbsp;Morceiro, doutor e mestre em Economia, pesquisador e especialista nas \u00e1reas de Economia Industrial, Economia da Inova\u00e7\u00e3o e Desenvolvimento Regional, e Paulo Gala, mestre e doutor em Economia, professor da FGV-SP e conselheiro da FIESP.&nbsp;<\/p>\n\n\n\n<p>Al\u00e9m de celebrar a data, o encontro tem como objetivo discutir como a&nbsp;neoindustrializa\u00e7\u00e3o&nbsp;tem se traduzido em a\u00e7\u00f5es concretas \u2014 e quais os pr\u00f3ximos passos para intensificar o dinamismo e a competitividade da ind\u00fastria brasileira.&nbsp;<\/p>\n\n\n\n<p>Acompanhe o evento na TV Economista, clicando <a href=\"https:\/\/www.youtube.com\/watch?v=i4kzdukvgsE\">AQUI<\/a>.<\/p>\n\n\n\n<p><\/p>\n","protected":false},"excerpt":{"rendered":"<p>Evento virtual re\u00fane especialistas para discutir pol\u00edtica industrial, papel do Estado, inser\u00e7\u00e3o do Brasil e oportunidades trazidas pelo programa Nova Ind\u00fastria Brasil&nbsp; O Conselho Regional de Economia de S\u00e3o Paulo (Corecon-SP) realizar\u00e1, no dia 22 de janeiro de 2026, \u00e0s<\/p>\n<p><a class=\"more-link\" href=\"https:\/\/cofecon.org.br\/cofecon\/?p=27201\">Leia Mais<\/a><\/p>\n","protected":false},"author":7,"featured_media":27203,"comment_status":"closed","ping_status":"closed","sticky":false,"template":"","format":"standard","meta":{"footnotes":""},"categories":[4,2],"tags":[],"class_list":["post-27201","post","type-post","status-publish","format-standard","has-post-thumbnail","hentry","category-corecons-em-movimento","category-noticias"],"_links":{"self":[{"href":"https:\/\/cofecon.org.br\/cofecon\/index.php?rest_route=\/wp\/v2\/posts\/27201"}],"collection":[{"href":"https:\/\/cofecon.org.br\/cofecon\/index.php?rest_route=\/wp\/v2\/posts"}],"about":[{"href":"https:\/\/cofecon.org.br\/cofecon\/index.php?rest_route=\/wp\/v2\/types\/post"}],"author":[{"embeddable":true,"href":"https:\/\/cofecon.org.br\/cofecon\/index.php?rest_route=\/wp\/v2\/users\/7"}],"replies":[{"embeddable":true,"href":"https:\/\/cofecon.org.br\/cofecon\/index.php?rest_route=%2Fwp%2Fv2%2Fcomments&post=27201"}],"version-history":[{"count":1,"href":"https:\/\/cofecon.org.br\/cofecon\/index.php?rest_route=\/wp\/v2\/posts\/27201\/revisions"}],"predecessor-version":[{"id":27202,"href":"https:\/\/cofecon.org.br\/cofecon\/index.php?rest_route=\/wp\/v2\/posts\/27201\/revisions\/27202"}],"wp:featuredmedia":[{"embeddable":true,"href":"https:\/\/cofecon.org.br\/cofecon\/index.php?rest_route=\/wp\/v2\/media\/27203"}],"wp:attachment":[{"href":"https:\/\/cofecon.org.br\/cofecon\/index.php?rest_route=%2Fwp%2Fv2%2Fmedia&parent=27201"}],"wp:term":[{"taxonomy":"category","embeddable":true,"href":"https:\/\/cofecon.org.br\/cofecon\/index.php?rest_route=%2Fwp%2Fv2%2Fcategories&post=27201"},{"taxonomy":"post_tag","embeddable":true,"href":"https:\/\/cofecon.org.br\/cofecon\/index.php?rest_route=%2Fwp%2Fv2%2Ftags&post=27201"}],"curies":[{"name":"wp","href":"https:\/\/api.w.org\/{rel}","templated":true}]}}