{"id":27195,"date":"2026-01-19T13:15:18","date_gmt":"2026-01-19T16:15:18","guid":{"rendered":"https:\/\/cofecon.org.br\/cofecon\/?p=27195"},"modified":"2026-01-19T13:16:21","modified_gmt":"2026-01-19T16:16:21","slug":"nota-de-pesar-pelo-falecimento-de-raul-jungmann","status":"publish","type":"post","link":"https:\/\/cofecon.org.br\/cofecon\/?p=27195","title":{"rendered":"Nota de pesar pelo falecimento de Raul Jungmann"},"content":{"rendered":"\n<p><em>O Conselho Federal de Economia (Cofecon) manifesta profundo pesar pelo falecimento de Raul Jungmann, ocorrido na noite de 18 de janeiro de 2026.<\/em><\/p>\n\n\n\n<p>Homem p\u00fablico de trajet\u00f3ria marcante, Raul Jungmann construiu sua vida com dedica\u00e7\u00e3o ao Brasil, ao di\u00e1logo democr\u00e1tico e ao fortalecimento das institui\u00e7\u00f5es. Ao longo de sua atua\u00e7\u00e3o como deputado federal, ministro de Estado e dirigente de importantes entidades nacionais, destacou-se pela escuta atenta, pelo respeito \u00e0s diferen\u00e7as e pelo compromisso com o interesse p\u00fablico.<\/p>\n\n\n\n<p>Para al\u00e9m dos cargos que ocupou, Raul Jungmann ser\u00e1 lembrado por sua postura \u00e9tica, por sua sensibilidade \u00e0s quest\u00f5es sociais e por sua contribui\u00e7\u00e3o ao debate sobre o desenvolvimento nacional, deixando um legado que ultrapassa a esfera institucional e alcan\u00e7a a forma\u00e7\u00e3o de ideias, pessoas e pol\u00edticas p\u00fablicas.<\/p>\n\n\n\n<p>Neste momento de dor, o Cofecon se solidariza com os familiares, amigos e todos aqueles que conviveram com Raul Jungmann, expressando condol\u00eancias e desejando conforto diante desta perda irrepar\u00e1vel.<\/p>\n","protected":false},"excerpt":{"rendered":"<p>O Conselho Federal de Economia (Cofecon) manifesta profundo pesar pelo falecimento de Raul Jungmann, ocorrido na noite de 18 de janeiro de 2026. Homem p\u00fablico de trajet\u00f3ria marcante, Raul Jungmann construiu sua vida com dedica\u00e7\u00e3o ao Brasil, ao di\u00e1logo democr\u00e1tico<\/p>\n<p><a class=\"more-link\" href=\"https:\/\/cofecon.org.br\/cofecon\/?p=27195\">Leia Mais<\/a><\/p>\n","protected":false},"author":3,"featured_media":27196,"comment_status":"closed","ping_status":"closed","sticky":false,"template":"","format":"standard","meta":{"footnotes":""},"categories":[2],"tags":[],"class_list":["post-27195","post","type-post","status-publish","format-standard","has-post-thumbnail","hentry","category-noticias"],"_links":{"self":[{"href":"https:\/\/cofecon.org.br\/cofecon\/index.php?rest_route=\/wp\/v2\/posts\/27195"}],"collection":[{"href":"https:\/\/cofecon.org.br\/cofecon\/index.php?rest_route=\/wp\/v2\/posts"}],"about":[{"href":"https:\/\/cofecon.org.br\/cofecon\/index.php?rest_route=\/wp\/v2\/types\/post"}],"author":[{"embeddable":true,"href":"https:\/\/cofecon.org.br\/cofecon\/index.php?rest_route=\/wp\/v2\/users\/3"}],"replies":[{"embeddable":true,"href":"https:\/\/cofecon.org.br\/cofecon\/index.php?rest_route=%2Fwp%2Fv2%2Fcomments&post=27195"}],"version-history":[{"count":2,"href":"https:\/\/cofecon.org.br\/cofecon\/index.php?rest_route=\/wp\/v2\/posts\/27195\/revisions"}],"predecessor-version":[{"id":27198,"href":"https:\/\/cofecon.org.br\/cofecon\/index.php?rest_route=\/wp\/v2\/posts\/27195\/revisions\/27198"}],"wp:featuredmedia":[{"embeddable":true,"href":"https:\/\/cofecon.org.br\/cofecon\/index.php?rest_route=\/wp\/v2\/media\/27196"}],"wp:attachment":[{"href":"https:\/\/cofecon.org.br\/cofecon\/index.php?rest_route=%2Fwp%2Fv2%2Fmedia&parent=27195"}],"wp:term":[{"taxonomy":"category","embeddable":true,"href":"https:\/\/cofecon.org.br\/cofecon\/index.php?rest_route=%2Fwp%2Fv2%2Fcategories&post=27195"},{"taxonomy":"post_tag","embeddable":true,"href":"https:\/\/cofecon.org.br\/cofecon\/index.php?rest_route=%2Fwp%2Fv2%2Ftags&post=27195"}],"curies":[{"name":"wp","href":"https:\/\/api.w.org\/{rel}","templated":true}]}}