{"id":2715,"date":"2017-08-30T17:32:21","date_gmt":"2017-08-30T20:32:21","guid":{"rendered":"http:\/\/www.cofecon.org.br\/?p=2715"},"modified":"2017-08-30T17:32:21","modified_gmt":"2017-08-30T20:32:21","slug":"conheca-os-vencedores-do-xxiii-premio-brasil-de-economia","status":"publish","type":"post","link":"https:\/\/cofecon.org.br\/cofecon\/?p=2715","title":{"rendered":"Conhe\u00e7a os vencedores do XXIII Pr\u00eamio Brasil de Economia"},"content":{"rendered":"<p style=\"text-align: justify;\"><img loading=\"lazy\" decoding=\"async\" class=\"size-full wp-image-2716 alignleft\" src=\"http:\/\/cofecon.org.br\/cofecon\/wp-content\/uploads\/2017\/08\/PBE_Resultado.jpg\" alt=\"\" width=\"350\" height=\"250\" srcset=\"https:\/\/cofecon.org.br\/cofecon\/wp-content\/uploads\/2017\/08\/PBE_Resultado.jpg 350w, https:\/\/cofecon.org.br\/cofecon\/wp-content\/uploads\/2017\/08\/PBE_Resultado-300x214.jpg 300w\" sizes=\"(max-width: 350px) 100vw, 350px\" \/>Os vencedores do XXIII Pr\u00eamio Brasil de Economia j\u00e1 foram definidos. Os primeiros colocados nas categorias monografias de gradua\u00e7\u00e3o, disserta\u00e7\u00f5es de mestrado, teses de doutorado, artigos t\u00e9cnicos\/cient\u00edficos e livros de Economia ser\u00e3o premiados durante o XXII Congresso Brasileiro de Economia, a ser realizado de 06 a 08 de setembro de 2017 em Belo Horizonte, Minas Gerais.<\/p>\n<p style=\"text-align: justify;\">O objetivo do Pr\u00eamio Brasil de Economia, organizado pelo Conselho Federal de Economia, \u00e9 estimular a reflex\u00e3o cr\u00edtica sobre a Economia como ramo de conhecimento, primando por seu car\u00e1ter aplicado, especialmente nas quest\u00f5es ligadas a aspectos econ\u00f4micos, sociais e regionais da sociedade brasileira e a sua inter-rela\u00e7\u00e3o com o exerc\u00edcio da profiss\u00e3o de economista.<\/p>\n<p style=\"text-align: justify;\">Confira a lista de vencedores:<\/p>\n<p>CATEGORIA LIVRO DE ECONOMIA:<\/p>\n<p style=\"text-align: justify;\">1\u00ba Lugar (Pr\u00eamio de R$ 8.000,00): Economista: Jos\u00e9 Luis da Costa Oreiro &#8211; Registro: 23031-RJ. T\u00edtulo: \u201cMacroeconomia do Desenvolvimento: uma perspectiva Keynesiana\u201d;<\/p>\n<p style=\"text-align: justify;\">2\u00ba Lugar (Men\u00e7\u00e3o honrosa): Economista: Helena Maria Martins Lastres &#8211; Registro: 09919-RJ. T\u00edtulo: \u201cO Futuro do Desenvolvimento\u201d;<\/p>\n<p style=\"text-align: justify;\">3\u00ba Lugar (Men\u00e7\u00e3o honrosa): Economista: Jos\u00e9 Eust\u00e1quio Ribeiro Vieira Filho &#8211; Registro: 7151-DF. T\u00edtulo: \u201cAgricultura, Transforma\u00e7\u00e3o Produtiva e Sustentabilidade\u201d.<\/p>\n<p style=\"text-align: justify;\">\u00a0<\/p>\n<p style=\"text-align: justify;\">CATEGORIA TESE DE DOUTORADO:<\/p>\n<p style=\"text-align: justify;\">1\u00ba Lugar (Pr\u00eamio de R$ 7.000,00): Economista: Juliana Franco Afonso &#8211; Registro: 6914-PR. T\u00edtulo: \u201cConverg\u00eancia Espacial da Produtividade Total dos Fatores da Agricultura Brasileira: Implica\u00e7\u00f5es dos Investimentos em Infraestrutura de Armazenamento, Pesquisa, Capital Humano e Cr\u00e9dito Rural\u201d;<\/p>\n<p style=\"text-align: justify;\">2\u00ba Lugar (Men\u00e7\u00e3o honrosa): Economista: Thiago de Holanda Lima Miguez &#8211; Registro: 25601-RJ. T\u00edtulo: \u201cEvolu\u00e7\u00e3o da Forma\u00e7\u00e3o Bruta de Capital Fixo na Economia Brasileira 2000-2013\u201d;<\/p>\n<p style=\"text-align: justify;\">3\u00ba Lugar (Men\u00e7\u00e3o honrosa): Economista: Rosa Livia Gon\u00e7alves Montenegro &#8211; Registro: 25226-RJ. T\u00edtulo: \u201cInova\u00e7\u00f5es Ambientais e Sistemas Nacionais de Inova\u00e7\u00e3o: Caracteriza\u00e7\u00f5es para o Per\u00edodo 1990-2010\u201d.<\/p>\n<p>&nbsp;<\/p>\n<p>CATEGORIA DISSERTA\u00c7\u00c3O DE MESTRADO:<\/p>\n<p style=\"text-align: justify;\">1\u00ba Lugar (Pr\u00eamio de R$ 5.000,00): Economista: \u00c9rika Regina da Silva Gallo &#8211; Registro: 35920-SP. T\u00edtulo: \u201cEconomia Comportamental Aplicada \u00e0 Finan\u00e7as e o Modelo de Agentes: Um estudo sobre a presen\u00e7a da subjetividade humana na tomada de decis\u00e3o e suas implica\u00e7\u00f5es no mercado acion\u00e1rio\u201d;<\/p>\n<p style=\"text-align: justify;\">2\u00ba Lugar (Men\u00e7\u00e3o honrosa):\u00a0 Economista: Fernanda Nacif Mar\u00e7al &#8211; Registro: 2614-AM. T\u00edtulo: \u201cDistribui\u00e7\u00e3o de Renda e Crescimento Econ\u00f4mico: Modelo Multissetorial de Simula\u00e7\u00e3o do Caso Brasileiro\u201d;<\/p>\n<p style=\"text-align: justify;\">3\u00ba Lugar (Men\u00e7\u00e3o honrosa):\u00a0 Economista: Tatiana Silva Fontoura de Barcellos &#8211; Registro: 7847-RS. T\u00edtulo: \u201cEnsaios sobre a Regula\u00e7\u00e3o dos Bancos de Dados Utilizados para a An\u00e1lise de Cr\u00e9dito: Uma Abordagem da Law And Economics\u201d.<\/p>\n<p>&nbsp;<\/p>\n<p>CATEGORIA ARTIGO T\u00c9CNICO OU CIENT\u00cdFICO:<\/p>\n<p style=\"text-align: justify;\">1\u00ba Lugar (Pr\u00eamio de R$ 3.000,00): Os Economistas: Fernando Ferrari Filho \u2013 Registro: 5048-2-RS e Luiz Fernando de Paula \u2013 Registro:16248-5-RJ. T\u00edtulo: \u201cPadr\u00f5es de Crescimento e Desenvolvimentismo: Uma Perspectiva Keynesiano-Institucionalista\u201d;<\/p>\n<p style=\"text-align: justify;\">2\u00ba Lugar (Men\u00e7\u00e3o honrosa): Economista: Pedro Linhares Rossi &#8211; Registro: 24444-RJ. T\u00edtulo: \u201cComponentes macroecon\u00f4micos e estruturais da crise brasileira: o subdesenvolvimento revisitado\u201d;<\/p>\n<p style=\"text-align: justify;\">3\u00ba Lugar (Men\u00e7\u00e3o honrosa):\u00a0 Economista: Antonio Corr\u00eaa de Lacerda &#8211; Registro: 16821-SP. T\u00edtulo: \u201cDin\u00e2mica e evolu\u00e7\u00e3o da crise brasileira: discutindo alternativas\u201d.<\/p>\n<p style=\"text-align: justify;\">\u00a0<\/p>\n<p style=\"text-align: justify;\">CATEGORIA MONOGRAFIA DE GRADUA\u00c7\u00c3O (Estudante):<\/p>\n<p style=\"text-align: justify;\">1\u00ba Lugar (Pr\u00eamio de R$ 3.000,00): Estudante: Tatiane Ten\u00f3rio da Gama Leite. T\u00edtulo: \u201cO Uso da Tributa\u00e7\u00e3o \u00d3tima para Fomentar o Emprego no Nordeste\u201d. Institui\u00e7\u00e3o: Universidade Rural de Pernambuco (UFRPE);<\/p>\n<p style=\"text-align: justify;\">2\u00ba Lugar (Men\u00e7\u00e3o honrosa):\u00a0 Estudante: Em\u00edlia Karla Mendes dos Santos. T\u00edtulo: \u201cAn\u00e1lise das Rela\u00e7\u00f5es Comerciais entre Brasil e China: Uma Abordagem Utilizando o Modelo de Vetor de Corre\u00e7\u00e3o de Erro\u201d. Institui\u00e7\u00e3o:\u00a0 Universidade Federal do Rio Grande do Norte (UFRN);<\/p>\n<p style=\"text-align: justify;\">3\u00ba Lugar (Men\u00e7\u00e3o honrosa): Estudante: Ingrid Rafaele Rodrigues Leira. T\u00edtulo: \u201cA Racionalidade na Tomada de Decis\u00e3o: um experimento para avaliar o efeito de cen\u00e1rios econ\u00f4micos na decis\u00e3o dos eleitores em uma elei\u00e7\u00e3o presidencial\u201d. Institui\u00e7\u00e3o: Universidade do Vale do Rio dos Sinos.<\/p>\n","protected":false},"excerpt":{"rendered":"<p>Os vencedores do XXIII Pr\u00eamio Brasil de Economia j\u00e1 foram definidos. Os primeiros colocados nas categorias monografias de gradua\u00e7\u00e3o, disserta\u00e7\u00f5es de mestrado, teses de doutorado, artigos t\u00e9cnicos\/cient\u00edficos e livros de Economia ser\u00e3o premiados durante o XXII Congresso Brasileiro de Economia,<\/p>\n<p><a class=\"more-link\" href=\"https:\/\/cofecon.org.br\/cofecon\/?p=2715\">Leia Mais<\/a><\/p>\n","protected":false},"author":1,"featured_media":2716,"comment_status":"open","ping_status":"open","sticky":false,"template":"","format":"standard","meta":{"footnotes":""},"categories":[2],"tags":[],"class_list":["post-2715","post","type-post","status-publish","format-standard","has-post-thumbnail","hentry","category-noticias"],"_links":{"self":[{"href":"https:\/\/cofecon.org.br\/cofecon\/index.php?rest_route=\/wp\/v2\/posts\/2715"}],"collection":[{"href":"https:\/\/cofecon.org.br\/cofecon\/index.php?rest_route=\/wp\/v2\/posts"}],"about":[{"href":"https:\/\/cofecon.org.br\/cofecon\/index.php?rest_route=\/wp\/v2\/types\/post"}],"author":[{"embeddable":true,"href":"https:\/\/cofecon.org.br\/cofecon\/index.php?rest_route=\/wp\/v2\/users\/1"}],"replies":[{"embeddable":true,"href":"https:\/\/cofecon.org.br\/cofecon\/index.php?rest_route=%2Fwp%2Fv2%2Fcomments&post=2715"}],"version-history":[{"count":0,"href":"https:\/\/cofecon.org.br\/cofecon\/index.php?rest_route=\/wp\/v2\/posts\/2715\/revisions"}],"wp:featuredmedia":[{"embeddable":true,"href":"https:\/\/cofecon.org.br\/cofecon\/index.php?rest_route=\/wp\/v2\/media\/2716"}],"wp:attachment":[{"href":"https:\/\/cofecon.org.br\/cofecon\/index.php?rest_route=%2Fwp%2Fv2%2Fmedia&parent=2715"}],"wp:term":[{"taxonomy":"category","embeddable":true,"href":"https:\/\/cofecon.org.br\/cofecon\/index.php?rest_route=%2Fwp%2Fv2%2Fcategories&post=2715"},{"taxonomy":"post_tag","embeddable":true,"href":"https:\/\/cofecon.org.br\/cofecon\/index.php?rest_route=%2Fwp%2Fv2%2Ftags&post=2715"}],"curies":[{"name":"wp","href":"https:\/\/api.w.org\/{rel}","templated":true}]}}