{"id":2709,"date":"2017-08-30T15:04:11","date_gmt":"2017-08-30T18:04:11","guid":{"rendered":"http:\/\/www.cofecon.org.br\/?p=2709"},"modified":"2017-08-30T15:04:11","modified_gmt":"2017-08-30T18:04:11","slug":"cofecon-e-fnp-firmam-acordo-de-cooperacao-para-projetos-relacionados-aos-municipios-do-g100","status":"publish","type":"post","link":"https:\/\/cofecon.org.br\/cofecon\/?p=2709","title":{"rendered":"Cofecon e FNP firmam acordo de coopera\u00e7\u00e3o para projetos relacionados aos munic\u00edpios do g100"},"content":{"rendered":"<p style=\"text-align: justify;\"><img loading=\"lazy\" decoding=\"async\" class=\"size-full wp-image-2710 alignleft\" src=\"http:\/\/cofecon.org.br\/cofecon\/wp-content\/uploads\/2017\/08\/fnp_agosto-2017.jpg\" alt=\"\" width=\"350\" height=\"273\" srcset=\"https:\/\/cofecon.org.br\/cofecon\/wp-content\/uploads\/2017\/08\/fnp_agosto-2017.jpg 350w, https:\/\/cofecon.org.br\/cofecon\/wp-content\/uploads\/2017\/08\/fnp_agosto-2017-300x234.jpg 300w\" sizes=\"(max-width: 350px) 100vw, 350px\" \/>O Conselho Federal de Economia e a Frente Nacional de Prefeitos firmaram, nesta quarta-feira (30\/08) um acordo de coopera\u00e7\u00e3o institucional com foco em pesquisas, estudos, elabora\u00e7\u00e3o e implementa\u00e7\u00e3o de projetos relacionados aos munic\u00edpios que integram o g100. A partir do trabalho conjunto das duas entidades, espera-se disseminar conhecimento a governantes e aos gestores locais por meio de produ\u00e7\u00e3o de conte\u00fado, publica\u00e7\u00f5es, oficinas de trabalho, semin\u00e1rios, entre outras atividades.<\/p>\n<p style=\"text-align: justify;\">A assinatura do acordo ocorreu em Bras\u00edlia, na sede da FNP. Participaram o presidente da FNP e prefeito de Campinas, Jonas Donizette; o presidente do Cofecon, J\u00falio Miragaya; e o prefeito municipal de Gravat\u00e1 (PE), Joaquim Neto de Andrade Silva, representando os munic\u00edpios do g100, que t\u00eam como caracter\u00edstica elevada popula\u00e7\u00e3o com baixa receita per capita e alta vulnerabilidade socioecon\u00f4mica.<\/p>\n<p style=\"text-align: justify;\">De acordo com o presidente do Cofecon, h\u00e1 uma percep\u00e7\u00e3o geral no Brasil de que os prefeitos de munic\u00edpios com baixa capacidade de arrecada\u00e7\u00e3o est\u00e3o inertes e que n\u00e3o buscam recursos. \u201cN\u00f3s precisamos desmistificar essa situa\u00e7\u00e3o das prefeituras, tirar o peso dessa responsabilidade das costas dos prefeitos e entender que esse \u00e9 um problema nacional. \u00c9 preciso o envolvimento do governo federal, dos governadores dos estados, para que eles sim invistam nesses munic\u00edpios a fim de atrair investidores, que criem condi\u00e7\u00f5es de implanta\u00e7\u00e3o de grandes empreendimentos capazes de gerar receita pr\u00f3pria e que, atrav\u00e9s da eleva\u00e7\u00e3o da renda popula\u00e7\u00e3o, por meio da gera\u00e7\u00e3o de empregos formais, possa inclusive criar condi\u00e7\u00f5es para aumentar a pr\u00f3pria receita municipal\u201d, defendeu o presidente do Cofecon.<\/p>\n","protected":false},"excerpt":{"rendered":"<p>O Conselho Federal de Economia e a Frente Nacional de Prefeitos firmaram, nesta quarta-feira (30\/08) um acordo de coopera\u00e7\u00e3o institucional com foco em pesquisas, estudos, elabora\u00e7\u00e3o e implementa\u00e7\u00e3o de projetos relacionados aos munic\u00edpios que integram o g100. A partir do<\/p>\n<p><a class=\"more-link\" href=\"https:\/\/cofecon.org.br\/cofecon\/?p=2709\">Leia Mais<\/a><\/p>\n","protected":false},"author":1,"featured_media":2710,"comment_status":"open","ping_status":"open","sticky":false,"template":"","format":"standard","meta":{"footnotes":""},"categories":[2],"tags":[],"class_list":["post-2709","post","type-post","status-publish","format-standard","has-post-thumbnail","hentry","category-noticias"],"_links":{"self":[{"href":"https:\/\/cofecon.org.br\/cofecon\/index.php?rest_route=\/wp\/v2\/posts\/2709"}],"collection":[{"href":"https:\/\/cofecon.org.br\/cofecon\/index.php?rest_route=\/wp\/v2\/posts"}],"about":[{"href":"https:\/\/cofecon.org.br\/cofecon\/index.php?rest_route=\/wp\/v2\/types\/post"}],"author":[{"embeddable":true,"href":"https:\/\/cofecon.org.br\/cofecon\/index.php?rest_route=\/wp\/v2\/users\/1"}],"replies":[{"embeddable":true,"href":"https:\/\/cofecon.org.br\/cofecon\/index.php?rest_route=%2Fwp%2Fv2%2Fcomments&post=2709"}],"version-history":[{"count":0,"href":"https:\/\/cofecon.org.br\/cofecon\/index.php?rest_route=\/wp\/v2\/posts\/2709\/revisions"}],"wp:featuredmedia":[{"embeddable":true,"href":"https:\/\/cofecon.org.br\/cofecon\/index.php?rest_route=\/wp\/v2\/media\/2710"}],"wp:attachment":[{"href":"https:\/\/cofecon.org.br\/cofecon\/index.php?rest_route=%2Fwp%2Fv2%2Fmedia&parent=2709"}],"wp:term":[{"taxonomy":"category","embeddable":true,"href":"https:\/\/cofecon.org.br\/cofecon\/index.php?rest_route=%2Fwp%2Fv2%2Fcategories&post=2709"},{"taxonomy":"post_tag","embeddable":true,"href":"https:\/\/cofecon.org.br\/cofecon\/index.php?rest_route=%2Fwp%2Fv2%2Ftags&post=2709"}],"curies":[{"name":"wp","href":"https:\/\/api.w.org\/{rel}","templated":true}]}}